{"id":10138,"date":"2022-05-30T02:47:53","date_gmt":"2022-05-30T02:47:53","guid":{"rendered":"https:\/\/fdnoaxaca.net\/?p=10138"},"modified":"2022-05-30T02:47:56","modified_gmt":"2022-05-30T02:47:56","slug":"se-intensifica-huracan-agatha-a-categoria-2","status":"publish","type":"post","link":"https:\/\/fdnoaxaca.net\/index.php\/2022\/05\/30\/se-intensifica-huracan-agatha-a-categoria-2\/","title":{"rendered":"Se intensifica hurac\u00e1n Agatha a categor\u00eda 2"},"content":{"rendered":"\n<p>Oaxaca de Ju\u00e1rez, Oax. 29 de mayo de 2022.- El hurac\u00e1n &#8220;Agatha&#8221; se intensific\u00f3 a categor\u00eda 2 en la escala Saffir-Simpson, por lo que ocasiona lluvias en Oaxaca. <\/p>\n\n\n\n<p>La Coordinaci\u00f3n Estatal de Protecci\u00f3n Civil inform\u00f3 que el hurac\u00e1n se localiz\u00f3 a las 16:00 horas de este domingo a 295 kil\u00f3metros al suroeste de Puerto \u00c1ngel, Oax. y a 245 kil\u00f3metros al sur-suroeste de Punta Maldonado, Guerrero y se desplaza lentamente hacia el norte a raz\u00f3n de 2 kil\u00f3metros por hora, con vientos m\u00e1ximos sostenidos de 175 kilometros por hora y rachas de 215 kil\u00f3metros por hora. <\/p>\n\n\n\n<p>Adem\u00e1s recalc\u00f3 que las amplias bandas nubosas y su circulaci\u00f3n cicl\u00f3nica, generar\u00e1n lluvias intensas a torrenciales, oleaje elevado de 4 a 6 metros de altura y fuertes vientos con marejadas cicl\u00f3nicas en toda la l\u00ednea de Costa del estado en las pr\u00f3ximas horas.<\/p>\n\n\n\n<p>Procedente de este fen\u00f3meno meteorol\u00f3gico se establecen vientos desde San Mateo del Mar hasta Pinotepa Nacional, as\u00ed como crecidas de r\u00edos\/arroyos de respuesta r\u00e1pida, deslizamientos de laderas y movimientos en masa en zonas de alta pendiente e inundaciones repentinas en partes bajas y zonas urbanas.<\/p>\n\n\n\n<p>Debido a este fen\u00f3meno, Protecci\u00f3n Civil recomienda a la poblaci\u00f3n en general tomar sus precauciones, mantenerse informado por fuentes oficiales y atender las recomendaciones de Protecci\u00f3n Civil y Capitan\u00eda de Puerto.<\/p>\n\n\n\n<p>Como parte de las acciones ante la presencia de este hurac\u00e1n frente a costas de Oaxaca, en las instalaciones del 54 batall\u00f3n de infanter\u00eda, con sede en Puerto Escondido, se realiz\u00f3 la segunda sesi\u00f3n del Consejo Regional de Protecci\u00f3n Civil, con Autoridades Municipales, Direcci\u00f3n General de Protecci\u00f3n, Sedena, Guardia Nacional, Marina, Sector Salud y CEPCO. <\/p>\n","protected":false},"excerpt":{"rendered":"<p>Oaxaca de Ju\u00e1rez, Oax. 29 de mayo de 2022.- El hurac\u00e1n &#8220;Agatha&#8221; se intensific\u00f3 a categor\u00eda 2 en la escala Saffir-Simpson, por lo que ocasiona lluvias en Oaxaca. La Coordinaci\u00f3n Estatal de Protecci\u00f3n Civil inform\u00f3 que el hurac\u00e1n se localiz\u00f3 a las 16:00 horas de este domingo a 295 kil\u00f3metros al suroeste de Puerto \u00c1ngel,&#8230;<\/p>\n","protected":false},"author":4,"featured_media":10139,"comment_status":"closed","ping_status":"closed","sticky":false,"template":"","format":"standard","meta":{"footnotes":""},"categories":[49],"tags":[],"class_list":["post-10138","post","type-post","status-publish","format-standard","has-post-thumbnail","hentry","category-titulares"],"_links":{"self":[{"href":"https:\/\/fdnoaxaca.net\/index.php\/wp-json\/wp\/v2\/posts\/10138","targetHints":{"allow":["GET"]}}],"collection":[{"href":"https:\/\/fdnoaxaca.net\/index.php\/wp-json\/wp\/v2\/posts"}],"about":[{"href":"https:\/\/fdnoaxaca.net\/index.php\/wp-json\/wp\/v2\/types\/post"}],"author":[{"embeddable":true,"href":"https:\/\/fdnoaxaca.net\/index.php\/wp-json\/wp\/v2\/users\/4"}],"replies":[{"embeddable":true,"href":"https:\/\/fdnoaxaca.net\/index.php\/wp-json\/wp\/v2\/comments?post=10138"}],"version-history":[{"count":1,"href":"https:\/\/fdnoaxaca.net\/index.php\/wp-json\/wp\/v2\/posts\/10138\/revisions"}],"predecessor-version":[{"id":10140,"href":"https:\/\/fdnoaxaca.net\/index.php\/wp-json\/wp\/v2\/posts\/10138\/revisions\/10140"}],"wp:featuredmedia":[{"embeddable":true,"href":"https:\/\/fdnoaxaca.net\/index.php\/wp-json\/wp\/v2\/media\/10139"}],"wp:attachment":[{"href":"https:\/\/fdnoaxaca.net\/index.php\/wp-json\/wp\/v2\/media?parent=10138"}],"wp:term":[{"taxonomy":"category","embeddable":true,"href":"https:\/\/fdnoaxaca.net\/index.php\/wp-json\/wp\/v2\/categories?post=10138"},{"taxonomy":"post_tag","embeddable":true,"href":"https:\/\/fdnoaxaca.net\/index.php\/wp-json\/wp\/v2\/tags?post=10138"}],"curies":[{"name":"wp","href":"https:\/\/api.w.org\/{rel}","templated":true}]}}