{"id":1024,"date":"2019-06-26T13:07:48","date_gmt":"2019-06-26T13:07:48","guid":{"rendered":"http:\/\/fdnoaxaca.net\/?p=1024"},"modified":"2019-06-26T13:07:51","modified_gmt":"2019-06-26T13:07:51","slug":"reemplazan-a-coordinador-de-la-aei-en-oaxaca","status":"publish","type":"post","link":"https:\/\/fdnoaxaca.net\/index.php\/2019\/06\/26\/reemplazan-a-coordinador-de-la-aei-en-oaxaca\/","title":{"rendered":"Reemplazan a coordinador de la AEI en Oaxaca"},"content":{"rendered":"\n<p>Oaxaca de Ju\u00e1rez, Oax. 26 de junio de 2019.- El fiscal General de Justicia del Estado, Rub\u00e9n Vasconcelos M\u00e9ndez, design\u00f3 a Jos\u00e9 Alfredo \u00c1lvarez G\u00f3mez coordinador General de la Agencia Estatal de Investigaciones (AEI) en Oaxaca.<\/p>\n\n\n\n<p>La noche del martes, Vasconcelos M\u00e9ndez tom\u00f3 protesta al nuevo coordinador de la AEI, quien llega a la instancia en sustituci\u00f3n de Jos\u00e9 Antonio Yglesias Arreola. <\/p>\n\n\n\n<p>El cambio, se\u00f1ala el Fiscal, es para &#8220;fortalecer las tareas de investigaci\u00f3n y procuraci\u00f3n de justicia en favor de las personas v\u00edctimas de delitos y con ello constituirse como una instituci\u00f3n m\u00e1s confiable, m\u00e1s s\u00f3lida y con mayores resultados en favor de los oaxaque\u00f1os&#8221;. <\/p>\n\n\n\n<p>El nuevo coordinador de la Agencia Estatal de Investigaciones se desempe\u00f1aba como titular de la Coordinaci\u00f3n Estatal Oaxaca de la Polic\u00eda Federal, dependiente de la Secretar\u00eda de Gobernaci\u00f3n. <\/p>\n\n\n\n<p>Cuenta con dos maestr\u00edas, una de ellas se refiere al Sistema Penal Acusatorio y la otra al Derecho Constitucional y Amparo. <br><br><\/p>\n","protected":false},"excerpt":{"rendered":"<p>Oaxaca de Ju\u00e1rez, Oax. 26 de junio de 2019.- El fiscal General de Justicia del Estado, Rub\u00e9n Vasconcelos M\u00e9ndez, design\u00f3 a Jos\u00e9 Alfredo \u00c1lvarez G\u00f3mez coordinador General de la Agencia Estatal de Investigaciones (AEI) en Oaxaca. La noche del martes, Vasconcelos M\u00e9ndez tom\u00f3 protesta al nuevo coordinador de la AEI, quien llega a la instancia&#8230;<\/p>\n","protected":false},"author":4,"featured_media":1025,"comment_status":"closed","ping_status":"closed","sticky":false,"template":"","format":"standard","meta":{"footnotes":""},"categories":[4],"tags":[],"class_list":["post-1024","post","type-post","status-publish","format-standard","has-post-thumbnail","hentry","category-general"],"_links":{"self":[{"href":"https:\/\/fdnoaxaca.net\/index.php\/wp-json\/wp\/v2\/posts\/1024","targetHints":{"allow":["GET"]}}],"collection":[{"href":"https:\/\/fdnoaxaca.net\/index.php\/wp-json\/wp\/v2\/posts"}],"about":[{"href":"https:\/\/fdnoaxaca.net\/index.php\/wp-json\/wp\/v2\/types\/post"}],"author":[{"embeddable":true,"href":"https:\/\/fdnoaxaca.net\/index.php\/wp-json\/wp\/v2\/users\/4"}],"replies":[{"embeddable":true,"href":"https:\/\/fdnoaxaca.net\/index.php\/wp-json\/wp\/v2\/comments?post=1024"}],"version-history":[{"count":1,"href":"https:\/\/fdnoaxaca.net\/index.php\/wp-json\/wp\/v2\/posts\/1024\/revisions"}],"predecessor-version":[{"id":1026,"href":"https:\/\/fdnoaxaca.net\/index.php\/wp-json\/wp\/v2\/posts\/1024\/revisions\/1026"}],"wp:featuredmedia":[{"embeddable":true,"href":"https:\/\/fdnoaxaca.net\/index.php\/wp-json\/wp\/v2\/media\/1025"}],"wp:attachment":[{"href":"https:\/\/fdnoaxaca.net\/index.php\/wp-json\/wp\/v2\/media?parent=1024"}],"wp:term":[{"taxonomy":"category","embeddable":true,"href":"https:\/\/fdnoaxaca.net\/index.php\/wp-json\/wp\/v2\/categories?post=1024"},{"taxonomy":"post_tag","embeddable":true,"href":"https:\/\/fdnoaxaca.net\/index.php\/wp-json\/wp\/v2\/tags?post=1024"}],"curies":[{"name":"wp","href":"https:\/\/api.w.org\/{rel}","templated":true}]}}