{"id":10420,"date":"2022-06-15T01:59:18","date_gmt":"2022-06-15T06:59:18","guid":{"rendered":"https:\/\/fdnoaxaca.net\/?p=10420"},"modified":"2022-06-15T01:59:21","modified_gmt":"2022-06-15T06:59:21","slug":"continuan-lluvias-en-oaxaca-por-blas","status":"publish","type":"post","link":"https:\/\/fdnoaxaca.net\/index.php\/2022\/06\/15\/continuan-lluvias-en-oaxaca-por-blas\/","title":{"rendered":"Contin\u00faan lluvias en Oaxaca por Blas"},"content":{"rendered":"\n<p>Oaxaca de Ju\u00e1rez, Oax. 15 de junio de 2022.- La tormenta tropical Blas mantiene lluvias en Oaxaca la madrugada de este mi\u00e9rcoles.<\/p>\n\n\n\n<p>De acuerdo con el pron\u00f3stico del Servicio Meteorol\u00f3gico Nacional, en el estado persistir\u00e1n las lluvias torrenciales durante las siguientes horas debido al centro de esta tormenta.<\/p>\n\n\n\n<p>A la 1:00 de la ma\u00f1ana de este mi\u00e9rcoles, el centro de Blas se ubic\u00f3 a 280 kil\u00f3metros al sur-suroeste de Zihuatanejo, Guerrero y a 465 kil\u00f3metros al sur-sureste de Manzanillo, Colima.<\/p>\n\n\n\n<figure class=\"wp-block-image\"><img loading=\"lazy\" decoding=\"async\" width=\"1024\" height=\"590\" src=\"https:\/\/fdnoaxaca.net\/wp-content\/uploads\/2022\/06\/20220615_012623-1024x590.jpg\" alt=\"\" class=\"wp-image-10422\" srcset=\"https:\/\/fdnoaxaca.net\/wp-content\/uploads\/2022\/06\/20220615_012623-1024x590.jpg 1024w, https:\/\/fdnoaxaca.net\/wp-content\/uploads\/2022\/06\/20220615_012623-300x173.jpg 300w, https:\/\/fdnoaxaca.net\/wp-content\/uploads\/2022\/06\/20220615_012623-768x442.jpg 768w, https:\/\/fdnoaxaca.net\/wp-content\/uploads\/2022\/06\/20220615_012623.jpg 1340w\" sizes=\"auto, (max-width: 1024px) 100vw, 1024px\" \/><\/figure>\n\n\n\n<p>Por tanto, continuar\u00e1n las lluvias torrenciales en Oaxaca y Guerrero, as\u00ed como vientos con rachas de 50 a 60 kil\u00f3metros por hora y oleaje de uno a tres metros de altura en las costas del territorio oaxaque\u00f1o.<\/p>\n\n\n\n<p>Por otra parte, el Servicio Meteorol\u00f3gico Nacional tambi\u00e9n inform\u00f3 que la zona de baja presi\u00f3n localizada en el oc\u00e9ano Pac\u00edfico, en la frontera M\u00e9xico con Guatemala, aument\u00f3 a 60 por ciento su probabilidad para desarrollo cicl\u00f3nico en 48 horas. <\/p>\n","protected":false},"excerpt":{"rendered":"<p>Oaxaca de Ju\u00e1rez, Oax. 15 de junio de 2022.- La tormenta tropical Blas mantiene lluvias en Oaxaca la madrugada de este mi\u00e9rcoles. De acuerdo con el pron\u00f3stico del Servicio Meteorol\u00f3gico Nacional, en el estado persistir\u00e1n las lluvias torrenciales durante las siguientes horas debido al centro de esta tormenta. A la 1:00 de la ma\u00f1ana de&#8230;<\/p>\n","protected":false},"author":4,"featured_media":10421,"comment_status":"closed","ping_status":"closed","sticky":false,"template":"","format":"standard","meta":{"footnotes":""},"categories":[49],"tags":[],"class_list":["post-10420","post","type-post","status-publish","format-standard","has-post-thumbnail","hentry","category-titulares"],"_links":{"self":[{"href":"https:\/\/fdnoaxaca.net\/index.php\/wp-json\/wp\/v2\/posts\/10420","targetHints":{"allow":["GET"]}}],"collection":[{"href":"https:\/\/fdnoaxaca.net\/index.php\/wp-json\/wp\/v2\/posts"}],"about":[{"href":"https:\/\/fdnoaxaca.net\/index.php\/wp-json\/wp\/v2\/types\/post"}],"author":[{"embeddable":true,"href":"https:\/\/fdnoaxaca.net\/index.php\/wp-json\/wp\/v2\/users\/4"}],"replies":[{"embeddable":true,"href":"https:\/\/fdnoaxaca.net\/index.php\/wp-json\/wp\/v2\/comments?post=10420"}],"version-history":[{"count":1,"href":"https:\/\/fdnoaxaca.net\/index.php\/wp-json\/wp\/v2\/posts\/10420\/revisions"}],"predecessor-version":[{"id":10423,"href":"https:\/\/fdnoaxaca.net\/index.php\/wp-json\/wp\/v2\/posts\/10420\/revisions\/10423"}],"wp:featuredmedia":[{"embeddable":true,"href":"https:\/\/fdnoaxaca.net\/index.php\/wp-json\/wp\/v2\/media\/10421"}],"wp:attachment":[{"href":"https:\/\/fdnoaxaca.net\/index.php\/wp-json\/wp\/v2\/media?parent=10420"}],"wp:term":[{"taxonomy":"category","embeddable":true,"href":"https:\/\/fdnoaxaca.net\/index.php\/wp-json\/wp\/v2\/categories?post=10420"},{"taxonomy":"post_tag","embeddable":true,"href":"https:\/\/fdnoaxaca.net\/index.php\/wp-json\/wp\/v2\/tags?post=10420"}],"curies":[{"name":"wp","href":"https:\/\/api.w.org\/{rel}","templated":true}]}}