{"id":10424,"date":"2022-06-15T11:43:32","date_gmt":"2022-06-15T16:43:32","guid":{"rendered":"https:\/\/fdnoaxaca.net\/?p=10424"},"modified":"2022-06-15T11:43:35","modified_gmt":"2022-06-15T16:43:35","slug":"se-intensifica-blas-a-huracan-categoria-1","status":"publish","type":"post","link":"https:\/\/fdnoaxaca.net\/index.php\/2022\/06\/15\/se-intensifica-blas-a-huracan-categoria-1\/","title":{"rendered":"Se intensifica Blas a hurac\u00e1n categor\u00eda 1"},"content":{"rendered":"\n<p>Oaxaca de Ju\u00e1rez, Oax. 15 de junio de 2022.- Esta ma\u00f1ana de mi\u00e9rcoles la tormenta tropical Blas se intensific\u00f3 a hurac\u00e1n categor\u00eda 1 en el oc\u00e9ano Pac\u00edfico. <\/p>\n\n\n\n<p>El Servicio Meteorol\u00f3gico Nacional inform\u00f3 que el centro de este cicl\u00f3n se localiza a aproximadamente a 345 kil\u00f3metros al sur de L\u00e1zaro C\u00e1rdenas, Michoac\u00e1n, y a 485 kil\u00f3metros al sur-sureste de Manzanillo, Colima.<\/p>\n\n\n\n<figure class=\"wp-block-image\"><img loading=\"lazy\" decoding=\"async\" width=\"1024\" height=\"588\" src=\"https:\/\/fdnoaxaca.net\/wp-content\/uploads\/2022\/06\/20220615_114023-1024x588.jpg\" alt=\"\" class=\"wp-image-10425\" srcset=\"https:\/\/fdnoaxaca.net\/wp-content\/uploads\/2022\/06\/20220615_114023-1024x588.jpg 1024w, https:\/\/fdnoaxaca.net\/wp-content\/uploads\/2022\/06\/20220615_114023-300x172.jpg 300w, https:\/\/fdnoaxaca.net\/wp-content\/uploads\/2022\/06\/20220615_114023-768x441.jpg 768w, https:\/\/fdnoaxaca.net\/wp-content\/uploads\/2022\/06\/20220615_114023.jpg 2041w\" sizes=\"auto, (max-width: 1024px) 100vw, 1024px\" \/><\/figure>\n\n\n\n<p>Ocasionar\u00e1 lluvias torrenciales, de acuerdo con el pron\u00f3stico, en Guerrero; lluvias muy fuertes en Jalisco, Colima y Michoac\u00e1n, as\u00ed como en el centro y sur del pa\u00eds. <\/p>\n\n\n\n<p>Asimismo, se prev\u00e9n rachas de viento de 70 a 80 kil\u00f3metros por hora y oleaje de dos a cuatro metros de altura en las costas de Guerrero y Michoac\u00e1n; y rachas de 50 a 60 kil\u00f3metros por hora y oleaje de uno a dos metros de altura en las costas de Colima, Jalisco y Oaxaca. <\/p>\n","protected":false},"excerpt":{"rendered":"<p>Oaxaca de Ju\u00e1rez, Oax. 15 de junio de 2022.- Esta ma\u00f1ana de mi\u00e9rcoles la tormenta tropical Blas se intensific\u00f3 a hurac\u00e1n categor\u00eda 1 en el oc\u00e9ano Pac\u00edfico. El Servicio Meteorol\u00f3gico Nacional inform\u00f3 que el centro de este cicl\u00f3n se localiza a aproximadamente a 345 kil\u00f3metros al sur de L\u00e1zaro C\u00e1rdenas, Michoac\u00e1n, y a 485 kil\u00f3metros&#8230;<\/p>\n","protected":false},"author":4,"featured_media":10426,"comment_status":"closed","ping_status":"closed","sticky":false,"template":"","format":"standard","meta":{"footnotes":""},"categories":[49],"tags":[],"class_list":["post-10424","post","type-post","status-publish","format-standard","has-post-thumbnail","hentry","category-titulares"],"_links":{"self":[{"href":"https:\/\/fdnoaxaca.net\/index.php\/wp-json\/wp\/v2\/posts\/10424","targetHints":{"allow":["GET"]}}],"collection":[{"href":"https:\/\/fdnoaxaca.net\/index.php\/wp-json\/wp\/v2\/posts"}],"about":[{"href":"https:\/\/fdnoaxaca.net\/index.php\/wp-json\/wp\/v2\/types\/post"}],"author":[{"embeddable":true,"href":"https:\/\/fdnoaxaca.net\/index.php\/wp-json\/wp\/v2\/users\/4"}],"replies":[{"embeddable":true,"href":"https:\/\/fdnoaxaca.net\/index.php\/wp-json\/wp\/v2\/comments?post=10424"}],"version-history":[{"count":1,"href":"https:\/\/fdnoaxaca.net\/index.php\/wp-json\/wp\/v2\/posts\/10424\/revisions"}],"predecessor-version":[{"id":10427,"href":"https:\/\/fdnoaxaca.net\/index.php\/wp-json\/wp\/v2\/posts\/10424\/revisions\/10427"}],"wp:featuredmedia":[{"embeddable":true,"href":"https:\/\/fdnoaxaca.net\/index.php\/wp-json\/wp\/v2\/media\/10426"}],"wp:attachment":[{"href":"https:\/\/fdnoaxaca.net\/index.php\/wp-json\/wp\/v2\/media?parent=10424"}],"wp:term":[{"taxonomy":"category","embeddable":true,"href":"https:\/\/fdnoaxaca.net\/index.php\/wp-json\/wp\/v2\/categories?post=10424"},{"taxonomy":"post_tag","embeddable":true,"href":"https:\/\/fdnoaxaca.net\/index.php\/wp-json\/wp\/v2\/tags?post=10424"}],"curies":[{"name":"wp","href":"https:\/\/api.w.org\/{rel}","templated":true}]}}