{"id":10428,"date":"2022-06-16T12:35:13","date_gmt":"2022-06-16T17:35:13","guid":{"rendered":"https:\/\/fdnoaxaca.net\/?p=10428"},"modified":"2022-06-16T12:35:16","modified_gmt":"2022-06-16T17:35:16","slug":"detienen-a-lider-de-confederacion-internacional-de-trabajadores-en-oaxaca","status":"publish","type":"post","link":"https:\/\/fdnoaxaca.net\/index.php\/2022\/06\/16\/detienen-a-lider-de-confederacion-internacional-de-trabajadores-en-oaxaca\/","title":{"rendered":"Detienen a l\u00edder de Confederaci\u00f3n Internacional de Trabajadores en Oaxaca"},"content":{"rendered":"\n<p>Oaxaca de Ju\u00e1rez, Oax. 16 de junio de 2022.- Polic\u00edas estatales y municipales detuvieron a Hip\u00f3lito \u201cNN\u201d, l\u00edder de la Confederaci\u00f3n Internacional de Trabajadores de Oaxaca (CIT).<\/p>\n\n\n\n<p>La Secretar\u00eda de Seguridad P\u00fablica de Oaxaca (SSPO) inform\u00f3 que personal de la Polic\u00eda Estatal coordin\u00f3 este operativo de seguridad con elementos de la Polic\u00eda Municipal de Oaxaca de Ju\u00e1rez.<\/p>\n\n\n\n<figure class=\"wp-block-image\"><img loading=\"lazy\" decoding=\"async\" width=\"1024\" height=\"768\" src=\"https:\/\/fdnoaxaca.net\/wp-content\/uploads\/2022\/06\/SSPO-4-1024x768.jpeg\" alt=\"\" class=\"wp-image-10431\" srcset=\"https:\/\/fdnoaxaca.net\/wp-content\/uploads\/2022\/06\/SSPO-4-1024x768.jpeg 1024w, https:\/\/fdnoaxaca.net\/wp-content\/uploads\/2022\/06\/SSPO-4-300x225.jpeg 300w, https:\/\/fdnoaxaca.net\/wp-content\/uploads\/2022\/06\/SSPO-4-768x576.jpeg 768w, https:\/\/fdnoaxaca.net\/wp-content\/uploads\/2022\/06\/SSPO-4.jpeg 1280w\" sizes=\"auto, (max-width: 1024px) 100vw, 1024px\" \/><\/figure>\n\n\n\n<p>De acuerdo con el parte policial y conforme a un reporte recibido al n\u00famero de emergencias 9-1-1, fuerzas estatales de seguridad efectuaron el aseguramiento de dos personas con portaci\u00f3n de arma de fuego, quienes fueron identificados como escoltas del detenido.<\/p>\n\n\n\n<p>Mientras que efectivos de la Polic\u00eda Municipal detuvieron a Hip\u00f3lito \u201cNN\u201d, quien fue puesto a disposici\u00f3n de las autoridades correspondientes para los efectos que haya lugar.<\/p>\n\n\n\n<figure class=\"wp-block-image\"><img loading=\"lazy\" decoding=\"async\" width=\"1024\" height=\"471\" src=\"https:\/\/fdnoaxaca.net\/wp-content\/uploads\/2022\/06\/SSPO-3-1024x471.jpeg\" alt=\"\" class=\"wp-image-10432\" srcset=\"https:\/\/fdnoaxaca.net\/wp-content\/uploads\/2022\/06\/SSPO-3-1024x471.jpeg 1024w, https:\/\/fdnoaxaca.net\/wp-content\/uploads\/2022\/06\/SSPO-3-300x138.jpeg 300w, https:\/\/fdnoaxaca.net\/wp-content\/uploads\/2022\/06\/SSPO-3-768x353.jpeg 768w, https:\/\/fdnoaxaca.net\/wp-content\/uploads\/2022\/06\/SSPO-3.jpeg 1280w\" sizes=\"auto, (max-width: 1024px) 100vw, 1024px\" \/><\/figure>\n\n\n\n<p>A su vez, las personas detenidas hab\u00edan ingresado a una cl\u00ednica privada ubicada en la colonia Reforma, mismas que ocasionaron una trifulca dentro de dicho hospital; asimismo y en d\u00edas pasados dichas personas se vieron involucradas en un enfrentamiento en el que hubo lesionados con arma de fuego.<\/p>\n","protected":false},"excerpt":{"rendered":"<p>Oaxaca de Ju\u00e1rez, Oax. 16 de junio de 2022.- Polic\u00edas estatales y municipales detuvieron a Hip\u00f3lito \u201cNN\u201d, l\u00edder de la Confederaci\u00f3n Internacional de Trabajadores de Oaxaca (CIT). La Secretar\u00eda de Seguridad P\u00fablica de Oaxaca (SSPO) inform\u00f3 que personal de la Polic\u00eda Estatal coordin\u00f3 este operativo de seguridad con elementos de la Polic\u00eda Municipal de Oaxaca&#8230;<\/p>\n","protected":false},"author":4,"featured_media":10430,"comment_status":"closed","ping_status":"closed","sticky":false,"template":"","format":"standard","meta":{"footnotes":""},"categories":[49],"tags":[],"class_list":["post-10428","post","type-post","status-publish","format-standard","has-post-thumbnail","hentry","category-titulares"],"_links":{"self":[{"href":"https:\/\/fdnoaxaca.net\/index.php\/wp-json\/wp\/v2\/posts\/10428","targetHints":{"allow":["GET"]}}],"collection":[{"href":"https:\/\/fdnoaxaca.net\/index.php\/wp-json\/wp\/v2\/posts"}],"about":[{"href":"https:\/\/fdnoaxaca.net\/index.php\/wp-json\/wp\/v2\/types\/post"}],"author":[{"embeddable":true,"href":"https:\/\/fdnoaxaca.net\/index.php\/wp-json\/wp\/v2\/users\/4"}],"replies":[{"embeddable":true,"href":"https:\/\/fdnoaxaca.net\/index.php\/wp-json\/wp\/v2\/comments?post=10428"}],"version-history":[{"count":1,"href":"https:\/\/fdnoaxaca.net\/index.php\/wp-json\/wp\/v2\/posts\/10428\/revisions"}],"predecessor-version":[{"id":10433,"href":"https:\/\/fdnoaxaca.net\/index.php\/wp-json\/wp\/v2\/posts\/10428\/revisions\/10433"}],"wp:featuredmedia":[{"embeddable":true,"href":"https:\/\/fdnoaxaca.net\/index.php\/wp-json\/wp\/v2\/media\/10430"}],"wp:attachment":[{"href":"https:\/\/fdnoaxaca.net\/index.php\/wp-json\/wp\/v2\/media?parent=10428"}],"wp:term":[{"taxonomy":"category","embeddable":true,"href":"https:\/\/fdnoaxaca.net\/index.php\/wp-json\/wp\/v2\/categories?post=10428"},{"taxonomy":"post_tag","embeddable":true,"href":"https:\/\/fdnoaxaca.net\/index.php\/wp-json\/wp\/v2\/tags?post=10428"}],"curies":[{"name":"wp","href":"https:\/\/api.w.org\/{rel}","templated":true}]}}