{"id":1044,"date":"2019-06-27T19:01:13","date_gmt":"2019-06-27T19:01:13","guid":{"rendered":"http:\/\/fdnoaxaca.net\/?p=1044"},"modified":"2019-06-27T19:01:16","modified_gmt":"2019-06-27T19:01:16","slug":"matan-a-dos-mujeres-en-oaxaca-en-menos-de-24-horas","status":"publish","type":"post","link":"https:\/\/fdnoaxaca.net\/index.php\/2019\/06\/27\/matan-a-dos-mujeres-en-oaxaca-en-menos-de-24-horas\/","title":{"rendered":"Matan a dos mujeres en Oaxaca en menos de 24 horas"},"content":{"rendered":"\n<p>Oaxaca de Ju\u00e1rez, Oax. 27 de junio de 2019.- Dos mujeres fueron asesinadas en Oaxaca durante el mi\u00e9rcoles en hechos distintos, sin que hasta el momento existan responsables detenidos.<\/p>\n\n\n\n<p>En la regi\u00f3n de Valles Centrales, la noche del mi\u00e9rcoles durante una agresi\u00f3n armada una mujer fue ultimada a balazos, donde tambi\u00e9n un hombre result\u00f3 lesionado.<\/p>\n\n\n\n<p>Los hechos sucedieron a alrededor de las 21:30 horas del mi\u00e9rcoles en un domicilio sobre la carretera que comunica a los municipios de San Agust\u00edn de las Juntas con Santa Cruz Xoxocotl\u00e1n, rumbo al parque El Tequio.<\/p>\n\n\n\n<p>De acuerdo con el reporte policial, en el lugar muri\u00f3 la mujer luego de recibir cuatro balazos, mientras el var\u00f3n fue trasladado a una cl\u00ednica, donde su estado de salud se reporta grave.<\/p>\n\n\n\n<p>La v\u00edctima mortal fue identificada como Flavia, y el lesionado presuntamente es un fot\u00f3grafo del gobierno de Oaxaca.<\/p>\n\n\n\n<p>Mientras en la regi\u00f3n de la Costa, otra mujer de la tercera edad fue asesinada dentro de su hogar presuntamente durante un asalto en el municipio de San Pedro Pochutla.<\/p>\n\n\n\n<p>Hasta ahora, las autoridades no han esclarecido los hechos ni informado a detalle, tampoco los responsables han sido detenidos.&nbsp;<br><\/p>\n","protected":false},"excerpt":{"rendered":"<p>Oaxaca de Ju\u00e1rez, Oax. 27 de junio de 2019.- Dos mujeres fueron asesinadas en Oaxaca durante el mi\u00e9rcoles en hechos distintos, sin que hasta el momento existan responsables detenidos. En la regi\u00f3n de Valles Centrales, la noche del mi\u00e9rcoles durante una agresi\u00f3n armada una mujer fue ultimada a balazos, donde tambi\u00e9n un hombre result\u00f3 lesionado&#8230;.<\/p>\n","protected":false},"author":4,"featured_media":1045,"comment_status":"closed","ping_status":"closed","sticky":false,"template":"","format":"standard","meta":{"footnotes":""},"categories":[4],"tags":[],"class_list":["post-1044","post","type-post","status-publish","format-standard","has-post-thumbnail","hentry","category-general"],"_links":{"self":[{"href":"https:\/\/fdnoaxaca.net\/index.php\/wp-json\/wp\/v2\/posts\/1044","targetHints":{"allow":["GET"]}}],"collection":[{"href":"https:\/\/fdnoaxaca.net\/index.php\/wp-json\/wp\/v2\/posts"}],"about":[{"href":"https:\/\/fdnoaxaca.net\/index.php\/wp-json\/wp\/v2\/types\/post"}],"author":[{"embeddable":true,"href":"https:\/\/fdnoaxaca.net\/index.php\/wp-json\/wp\/v2\/users\/4"}],"replies":[{"embeddable":true,"href":"https:\/\/fdnoaxaca.net\/index.php\/wp-json\/wp\/v2\/comments?post=1044"}],"version-history":[{"count":1,"href":"https:\/\/fdnoaxaca.net\/index.php\/wp-json\/wp\/v2\/posts\/1044\/revisions"}],"predecessor-version":[{"id":1046,"href":"https:\/\/fdnoaxaca.net\/index.php\/wp-json\/wp\/v2\/posts\/1044\/revisions\/1046"}],"wp:featuredmedia":[{"embeddable":true,"href":"https:\/\/fdnoaxaca.net\/index.php\/wp-json\/wp\/v2\/media\/1045"}],"wp:attachment":[{"href":"https:\/\/fdnoaxaca.net\/index.php\/wp-json\/wp\/v2\/media?parent=1044"}],"wp:term":[{"taxonomy":"category","embeddable":true,"href":"https:\/\/fdnoaxaca.net\/index.php\/wp-json\/wp\/v2\/categories?post=1044"},{"taxonomy":"post_tag","embeddable":true,"href":"https:\/\/fdnoaxaca.net\/index.php\/wp-json\/wp\/v2\/tags?post=1044"}],"curies":[{"name":"wp","href":"https:\/\/api.w.org\/{rel}","templated":true}]}}