{"id":1050,"date":"2019-06-28T22:47:08","date_gmt":"2019-06-28T22:47:08","guid":{"rendered":"http:\/\/fdnoaxaca.net\/?p=1050"},"modified":"2019-06-28T22:47:12","modified_gmt":"2019-06-28T22:47:12","slug":"reinicia-construccion-de-supercarreteras-en-oaxaca-tras-visita-de-obrador","status":"publish","type":"post","link":"https:\/\/fdnoaxaca.net\/index.php\/2019\/06\/28\/reinicia-construccion-de-supercarreteras-en-oaxaca-tras-visita-de-obrador\/","title":{"rendered":"Reinicia construcci\u00f3n de supercarreteras en Oaxaca tras visita de Obrador"},"content":{"rendered":"\n<p>Oaxaca de Ju\u00e1rez, Oax. 28 de junio de 2019.- El presidente de la Rep\u00fablica, Andr\u00e9s Manuel L\u00f3pez Obrador, se comprometi\u00f3 este viernes a concluir en su sexenio las supercarreteras a la Costa e Istmo de Tehuantepec, de Oaxaca, las cuales han estado estancadas desde hace m\u00e1s de una d\u00e9cada.<\/p>\n\n\n\n<p>Este d\u00eda al visitar Oaxaca por cuarta ocasi\u00f3n como primer mandatario, recorri\u00f3 las zonas para supervisar las dos obras y anunciar el reinicio de ambas construcciones.<\/p>\n\n\n\n<p>En el tramo de Barranca Larga-Ventanilla, perteneciente al distrito de Miahuatl\u00e1n de Porfirio D\u00edaz, en la supercarretera a la Costa, firm\u00f3 el compromiso de la conclusi\u00f3n de las v\u00edas. <\/p>\n\n\n\n<p>&#8220;Ahora estamos haciendo el compromiso formal con el pueblo de Oaxaca de que se va a terminar esta carretera en el 2022, ya se han celebrado los contratos con las empresas para la terminaci\u00f3n de esta importante carretera&#8221;, declar\u00f3 en un evento privado con funcionarios de los gobiernos federal y estatal.<\/p>\n\n\n\n<figure class=\"wp-block-embed-youtube wp-block-embed is-type-video is-provider-youtube wp-embed-aspect-16-9 wp-has-aspect-ratio\"><div class=\"wp-block-embed__wrapper\">\n<iframe loading=\"lazy\" title=\"Reinicia construcci\u00f3n de supercarreteras en Oaxaca tras visita de Obrador\" width=\"640\" height=\"360\" src=\"https:\/\/www.youtube.com\/embed\/Knj5Yl-DYoM?feature=oembed\" frameborder=\"0\" allow=\"accelerometer; autoplay; clipboard-write; encrypted-media; gyroscope; picture-in-picture; web-share\" referrerpolicy=\"strict-origin-when-cross-origin\" allowfullscreen><\/iframe>\n<\/div><\/figure>\n\n\n\n<p>Esta v\u00eda que comunicar\u00eda a la ciudad de Oaxaca con la Costa est\u00e1 sin concluirse desde hace una d\u00e9cada, y de acuerdo con L\u00f3pez Obrador, estar\u00e1 terminada en el a\u00f1o 2022. Hoy los trabajos reanudaron y quedaron a cargo de la empresa Coconal. <\/p>\n\n\n\n<p>Asimismo, el presidente se comprometi\u00f3 a terminar la supercarretera al Istmo de Tehuantepec, iniciada en el a\u00f1o 2000, y la cual no ha sido concluida desde hace m\u00e1s de tres sexenios. <\/p>\n\n\n\n<p>Seg\u00fan la Secretar\u00eda de Comunicaciones y Transportes (SCT), las obras de las supercarreteras estuvieron detenidas por diversos conflictos sociales. <\/p>\n\n\n\n<p>L\u00f3pez Obrador continuar\u00e1 en Oaxaca hasta el s\u00e1bado, d\u00eda en que supervisar\u00e1 los avances de la pavimentaci\u00f3n de caminos rurales en San Juan Evangelista Analco y San Juan Atepec, municipios de la Sierra Norte, donde inici\u00f3 este programa del nuevo gobierno federal. <br><br><\/p>\n","protected":false},"excerpt":{"rendered":"<p>Oaxaca de Ju\u00e1rez, Oax. 28 de junio de 2019.- El presidente de la Rep\u00fablica, Andr\u00e9s Manuel L\u00f3pez Obrador, se comprometi\u00f3 este viernes a concluir en su sexenio las supercarreteras a la Costa e Istmo de Tehuantepec, de Oaxaca, las cuales han estado estancadas desde hace m\u00e1s de una d\u00e9cada. Este d\u00eda al visitar Oaxaca por&#8230;<\/p>\n","protected":false},"author":4,"featured_media":1051,"comment_status":"closed","ping_status":"closed","sticky":false,"template":"","format":"standard","meta":{"footnotes":""},"categories":[49],"tags":[],"class_list":["post-1050","post","type-post","status-publish","format-standard","has-post-thumbnail","hentry","category-titulares"],"_links":{"self":[{"href":"https:\/\/fdnoaxaca.net\/index.php\/wp-json\/wp\/v2\/posts\/1050","targetHints":{"allow":["GET"]}}],"collection":[{"href":"https:\/\/fdnoaxaca.net\/index.php\/wp-json\/wp\/v2\/posts"}],"about":[{"href":"https:\/\/fdnoaxaca.net\/index.php\/wp-json\/wp\/v2\/types\/post"}],"author":[{"embeddable":true,"href":"https:\/\/fdnoaxaca.net\/index.php\/wp-json\/wp\/v2\/users\/4"}],"replies":[{"embeddable":true,"href":"https:\/\/fdnoaxaca.net\/index.php\/wp-json\/wp\/v2\/comments?post=1050"}],"version-history":[{"count":1,"href":"https:\/\/fdnoaxaca.net\/index.php\/wp-json\/wp\/v2\/posts\/1050\/revisions"}],"predecessor-version":[{"id":1052,"href":"https:\/\/fdnoaxaca.net\/index.php\/wp-json\/wp\/v2\/posts\/1050\/revisions\/1052"}],"wp:featuredmedia":[{"embeddable":true,"href":"https:\/\/fdnoaxaca.net\/index.php\/wp-json\/wp\/v2\/media\/1051"}],"wp:attachment":[{"href":"https:\/\/fdnoaxaca.net\/index.php\/wp-json\/wp\/v2\/media?parent=1050"}],"wp:term":[{"taxonomy":"category","embeddable":true,"href":"https:\/\/fdnoaxaca.net\/index.php\/wp-json\/wp\/v2\/categories?post=1050"},{"taxonomy":"post_tag","embeddable":true,"href":"https:\/\/fdnoaxaca.net\/index.php\/wp-json\/wp\/v2\/tags?post=1050"}],"curies":[{"name":"wp","href":"https:\/\/api.w.org\/{rel}","templated":true}]}}