{"id":1055,"date":"2019-06-29T10:30:10","date_gmt":"2019-06-29T10:30:10","guid":{"rendered":"http:\/\/fdnoaxaca.net\/?p=1055"},"modified":"2019-06-29T10:34:33","modified_gmt":"2019-06-29T10:34:33","slug":"resumen-deportivo-fdn-3","status":"publish","type":"post","link":"https:\/\/fdnoaxaca.net\/index.php\/2019\/06\/29\/resumen-deportivo-fdn-3\/","title":{"rendered":"Resumen Deportivo FDN"},"content":{"rendered":"\n<figure class=\"wp-block-embed-youtube wp-block-embed is-type-video is-provider-youtube wp-embed-aspect-16-9 wp-has-aspect-ratio\"><div class=\"wp-block-embed__wrapper\">\n<iframe loading=\"lazy\" title=\"Resumen Deportivo FDN\" width=\"640\" height=\"360\" src=\"https:\/\/www.youtube.com\/embed\/9gZfbB_-_V0?feature=oembed\" frameborder=\"0\" allow=\"accelerometer; autoplay; clipboard-write; encrypted-media; gyroscope; picture-in-picture; web-share\" referrerpolicy=\"strict-origin-when-cross-origin\" allowfullscreen><\/iframe>\n<\/div><\/figure>\n\n\n\n<p><\/p>\n\n\n\n<p>Oaxaca de Ju\u00e1rez, Oax. 29 de junio de 2019. &#8211; Esta es la informaci\u00f3n que habr\u00e1 este fin de semana en Oaxaca para las distintas disciplinas. <\/p>\n\n\n\n<p>El torneo de la liga de ascenso para Alebrijes arrancar\u00e1 el 4 de agosto. <\/p>\n\n\n\n<p>21 kil\u00f3metros tendr\u00e1 la prueba del Medio Marat\u00f3n Internacional para este domingo. <\/p>\n\n\n\n<p>Ya est\u00e1 cerca nuevamente la Cl\u00e1sica Lunes del Cerro y contar\u00e1 con seis etapas. <\/p>\n\n\n\n<p>La quinta fecha del Serial de Ciclismo de Monta\u00f1a ser\u00e1 en la pista del rancho El Oasis de Mitla. <\/p>\n\n\n\n<p>El PMX Pro 2019 reunir\u00e1 a los mejores surfistas del mundo en la paradis\u00edaca playa de Zicatela <\/p>\n\n\n\n<p>Ent\u00e9rate de la informaci\u00f3n deportiva m\u00e1s destacada en Oaxaca s\u00f3lo en el resumen #DeportivoFDN<\/p>\n","protected":false},"excerpt":{"rendered":"<p>Oaxaca de Ju\u00e1rez, Oax. 29 de junio de 2019. &#8211; Esta es la informaci\u00f3n que habr\u00e1 este fin de semana en Oaxaca para las distintas disciplinas. El torneo de la liga de ascenso para Alebrijes arrancar\u00e1 el 4 de agosto. 21 kil\u00f3metros tendr\u00e1 la prueba del Medio Marat\u00f3n Internacional para este domingo. Ya est\u00e1 cerca&#8230;<\/p>\n","protected":false},"author":5,"featured_media":1056,"comment_status":"closed","ping_status":"closed","sticky":false,"template":"","format":"standard","meta":{"footnotes":""},"categories":[50,49],"tags":[],"class_list":["post-1055","post","type-post","status-publish","format-standard","has-post-thumbnail","hentry","category-suplementos","category-titulares"],"_links":{"self":[{"href":"https:\/\/fdnoaxaca.net\/index.php\/wp-json\/wp\/v2\/posts\/1055","targetHints":{"allow":["GET"]}}],"collection":[{"href":"https:\/\/fdnoaxaca.net\/index.php\/wp-json\/wp\/v2\/posts"}],"about":[{"href":"https:\/\/fdnoaxaca.net\/index.php\/wp-json\/wp\/v2\/types\/post"}],"author":[{"embeddable":true,"href":"https:\/\/fdnoaxaca.net\/index.php\/wp-json\/wp\/v2\/users\/5"}],"replies":[{"embeddable":true,"href":"https:\/\/fdnoaxaca.net\/index.php\/wp-json\/wp\/v2\/comments?post=1055"}],"version-history":[{"count":2,"href":"https:\/\/fdnoaxaca.net\/index.php\/wp-json\/wp\/v2\/posts\/1055\/revisions"}],"predecessor-version":[{"id":1058,"href":"https:\/\/fdnoaxaca.net\/index.php\/wp-json\/wp\/v2\/posts\/1055\/revisions\/1058"}],"wp:featuredmedia":[{"embeddable":true,"href":"https:\/\/fdnoaxaca.net\/index.php\/wp-json\/wp\/v2\/media\/1056"}],"wp:attachment":[{"href":"https:\/\/fdnoaxaca.net\/index.php\/wp-json\/wp\/v2\/media?parent=1055"}],"wp:term":[{"taxonomy":"category","embeddable":true,"href":"https:\/\/fdnoaxaca.net\/index.php\/wp-json\/wp\/v2\/categories?post=1055"},{"taxonomy":"post_tag","embeddable":true,"href":"https:\/\/fdnoaxaca.net\/index.php\/wp-json\/wp\/v2\/tags?post=1055"}],"curies":[{"name":"wp","href":"https:\/\/api.w.org\/{rel}","templated":true}]}}