{"id":10612,"date":"2022-06-28T19:59:53","date_gmt":"2022-06-29T00:59:53","guid":{"rendered":"https:\/\/fdnoaxaca.net\/?p=10612"},"modified":"2022-06-28T19:59:57","modified_gmt":"2022-06-29T00:59:57","slug":"destacan-oaxaquenos-en-atletismo-y-boxeo-en-los-nacionales-conade","status":"publish","type":"post","link":"https:\/\/fdnoaxaca.net\/index.php\/2022\/06\/28\/destacan-oaxaquenos-en-atletismo-y-boxeo-en-los-nacionales-conade\/","title":{"rendered":"Destacan oaxaque\u00f1os en atletismo y boxeo en los Nacionales Conade"},"content":{"rendered":"\n<p>Hermosillo, Sonora. 28 de junio de 2022.- Con un tiempo de 57 segundos y 26 cent\u00e9simas, la velocista oaxaque\u00f1a Galya Ameyali Cabrera Dur\u00e1n, se qued\u00f3 con la medalla de plata en la prueba de los 400 metros planos, sub 18 femenil, en su debut en los Nacionales Conade 2022 que se realizan en esa ciudad.<\/p>\n\n\n\n<p>El primer lugar le correspondi\u00f3 a la guerrerense Jacqueline Avil\u00e9s, quien detuvo el reloj en 55.25 para quedarse con la medalla de oro y el bronce le correspondi\u00f3 a Paola Mireles, del Estado de M\u00e9xico con marca de 57.33.<\/p>\n\n\n\n<p>La medallista de oro sac\u00f3 dos segundos de ventaja sobre la oaxaque\u00f1a, quien entr\u00f3 en duelo cerrado con la mexiquense y un poco m\u00e1s atr\u00e1s la de Veracruz y Guanajuato, quienes igual marcaron 57 segundos en un hit donde el \u00faltimo lugar hizo un tiempo de un minuto, un segundo.<\/p>\n\n\n\n<figure class=\"wp-block-image\"><img loading=\"lazy\" decoding=\"async\" width=\"1024\" height=\"680\" src=\"https:\/\/fdnoaxaca.net\/wp-content\/uploads\/2022\/06\/INCUDE-1-2-1-1024x680.jpeg\" alt=\"\" class=\"wp-image-10614\" srcset=\"https:\/\/fdnoaxaca.net\/wp-content\/uploads\/2022\/06\/INCUDE-1-2-1-1024x680.jpeg 1024w, https:\/\/fdnoaxaca.net\/wp-content\/uploads\/2022\/06\/INCUDE-1-2-1-300x200.jpeg 300w, https:\/\/fdnoaxaca.net\/wp-content\/uploads\/2022\/06\/INCUDE-1-2-1-768x510.jpeg 768w, https:\/\/fdnoaxaca.net\/wp-content\/uploads\/2022\/06\/INCUDE-1-2-1-272x182.jpeg 272w, https:\/\/fdnoaxaca.net\/wp-content\/uploads\/2022\/06\/INCUDE-1-2-1.jpeg 1280w\" sizes=\"auto, (max-width: 1024px) 100vw, 1024px\" \/><\/figure>\n\n\n\n<p>Este es el debut de Galya, quien tuvo que esperar dos a\u00f1os para clasificar a la prueba entre pandemia y eliminaci\u00f3n de la categor\u00eda en la que iba a competir, pero en esta ocasi\u00f3n sali\u00f3 a la pista con la seguridad que la caracteriza; en el carril n\u00famero seis y con el cuarto mejor tiempo en la siembra.<\/p>\n\n\n\n<p>Para este jueves, la subcampeona nacional entrar\u00e1 nuevamente a la pista en busca de otra medalla pero en la prueba de los 200 metros planos, donde las rivales ser\u00e1n las mismas que en la de 400 y donde espera mejorar su tiempo.<\/p>\n\n\n\n<p>Adem\u00e1s, en la sede de Sinaloa, el boxeo oaxaque\u00f1o acab\u00f3 su competencia con un saldo de dos medallas de plata y cinco de bronce para un total de siete preseas, en una buena actuaci\u00f3n del equipo estatal que se subi\u00f3 al encordado a fajarse en cada combate.<\/p>\n\n\n\n<figure class=\"wp-block-image\"><img loading=\"lazy\" decoding=\"async\" width=\"1024\" height=\"682\" src=\"https:\/\/fdnoaxaca.net\/wp-content\/uploads\/2022\/06\/1656460934431_INCUDE-7-1024x682.jpeg\" alt=\"\" class=\"wp-image-10615\" srcset=\"https:\/\/fdnoaxaca.net\/wp-content\/uploads\/2022\/06\/1656460934431_INCUDE-7-1024x682.jpeg 1024w, https:\/\/fdnoaxaca.net\/wp-content\/uploads\/2022\/06\/1656460934431_INCUDE-7-300x200.jpeg 300w, https:\/\/fdnoaxaca.net\/wp-content\/uploads\/2022\/06\/1656460934431_INCUDE-7-768x512.jpeg 768w, https:\/\/fdnoaxaca.net\/wp-content\/uploads\/2022\/06\/1656460934431_INCUDE-7-600x400.jpeg 600w, https:\/\/fdnoaxaca.net\/wp-content\/uploads\/2022\/06\/1656460934431_INCUDE-7-272x182.jpeg 272w, https:\/\/fdnoaxaca.net\/wp-content\/uploads\/2022\/06\/1656460934431_INCUDE-7.jpeg 1280w\" sizes=\"auto, (max-width: 1024px) 100vw, 1024px\" \/><\/figure>\n\n\n\n<p>Las medallas de plata fueron obra de Jessy Concepci\u00f3n Velasco Mart\u00ednez en la categor\u00eda sub 18, de 54-57 kilogramos, adem\u00e1s del huatulque\u00f1o Diegos Sebasti\u00e1n Flores Cort\u00e9s en la sub 16, de los 66 kilogramos.<\/p>\n\n\n\n<p>Las medallas de bronce fueron obra del pochutleco, Carlos Abraham Trejo, en la sub 16, de los 50 kilos; Francisco Ju\u00e1rez M\u00e9ndez, en 48 kilogramos; Brian Owen Ortiz, en 51; Edgar Noel L\u00f3pez Cadeza, en 54 y C\u00e9sar Augusto Camacho D\u00edaz, en m\u00e1s de 92 kilos; todos en la categor\u00eda sub 18 a\u00f1os.<\/p>\n\n\n\n<figure class=\"wp-block-image\"><img loading=\"lazy\" decoding=\"async\" width=\"1024\" height=\"680\" src=\"https:\/\/fdnoaxaca.net\/wp-content\/uploads\/2022\/06\/INCUDE-2-2-2-1024x680.jpeg\" alt=\"\" class=\"wp-image-10616\" srcset=\"https:\/\/fdnoaxaca.net\/wp-content\/uploads\/2022\/06\/INCUDE-2-2-2-1024x680.jpeg 1024w, https:\/\/fdnoaxaca.net\/wp-content\/uploads\/2022\/06\/INCUDE-2-2-2-300x200.jpeg 300w, https:\/\/fdnoaxaca.net\/wp-content\/uploads\/2022\/06\/INCUDE-2-2-2-768x510.jpeg 768w, https:\/\/fdnoaxaca.net\/wp-content\/uploads\/2022\/06\/INCUDE-2-2-2-272x182.jpeg 272w, https:\/\/fdnoaxaca.net\/wp-content\/uploads\/2022\/06\/INCUDE-2-2-2.jpeg 1280w\" sizes=\"auto, (max-width: 1024px) 100vw, 1024px\" \/><\/figure>\n","protected":false},"excerpt":{"rendered":"<p>Hermosillo, Sonora. 28 de junio de 2022.- Con un tiempo de 57 segundos y 26 cent\u00e9simas, la velocista oaxaque\u00f1a Galya Ameyali Cabrera Dur\u00e1n, se qued\u00f3 con la medalla de plata en la prueba de los 400 metros planos, sub 18 femenil, en su debut en los Nacionales Conade 2022 que se realizan en esa ciudad&#8230;.<\/p>\n","protected":false},"author":4,"featured_media":10613,"comment_status":"closed","ping_status":"closed","sticky":false,"template":"","format":"standard","meta":{"footnotes":""},"categories":[50],"tags":[],"class_list":["post-10612","post","type-post","status-publish","format-standard","has-post-thumbnail","hentry","category-suplementos"],"_links":{"self":[{"href":"https:\/\/fdnoaxaca.net\/index.php\/wp-json\/wp\/v2\/posts\/10612","targetHints":{"allow":["GET"]}}],"collection":[{"href":"https:\/\/fdnoaxaca.net\/index.php\/wp-json\/wp\/v2\/posts"}],"about":[{"href":"https:\/\/fdnoaxaca.net\/index.php\/wp-json\/wp\/v2\/types\/post"}],"author":[{"embeddable":true,"href":"https:\/\/fdnoaxaca.net\/index.php\/wp-json\/wp\/v2\/users\/4"}],"replies":[{"embeddable":true,"href":"https:\/\/fdnoaxaca.net\/index.php\/wp-json\/wp\/v2\/comments?post=10612"}],"version-history":[{"count":1,"href":"https:\/\/fdnoaxaca.net\/index.php\/wp-json\/wp\/v2\/posts\/10612\/revisions"}],"predecessor-version":[{"id":10617,"href":"https:\/\/fdnoaxaca.net\/index.php\/wp-json\/wp\/v2\/posts\/10612\/revisions\/10617"}],"wp:featuredmedia":[{"embeddable":true,"href":"https:\/\/fdnoaxaca.net\/index.php\/wp-json\/wp\/v2\/media\/10613"}],"wp:attachment":[{"href":"https:\/\/fdnoaxaca.net\/index.php\/wp-json\/wp\/v2\/media?parent=10612"}],"wp:term":[{"taxonomy":"category","embeddable":true,"href":"https:\/\/fdnoaxaca.net\/index.php\/wp-json\/wp\/v2\/categories?post=10612"},{"taxonomy":"post_tag","embeddable":true,"href":"https:\/\/fdnoaxaca.net\/index.php\/wp-json\/wp\/v2\/tags?post=10612"}],"curies":[{"name":"wp","href":"https:\/\/api.w.org\/{rel}","templated":true}]}}