{"id":10727,"date":"2022-07-08T13:20:23","date_gmt":"2022-07-08T18:20:23","guid":{"rendered":"https:\/\/fdnoaxaca.net\/?p=10727"},"modified":"2022-07-08T13:20:26","modified_gmt":"2022-07-08T18:20:26","slug":"rechaza-mexico-medida-de-texas-contra-migrantes-indocumentados","status":"publish","type":"post","link":"https:\/\/fdnoaxaca.net\/index.php\/2022\/07\/08\/rechaza-mexico-medida-de-texas-contra-migrantes-indocumentados\/","title":{"rendered":"Rechaza M\u00e9xico medida de Texas contra migrantes indocumentados"},"content":{"rendered":"\n<p>Ciudad de M\u00e9xico, Mex. 8 de julio de 2022.- El Gobierno de M\u00e9xico rechaza la autorizaci\u00f3n emitida por el gobernador de Texas, Greg Abbott, para que fuerzas del orden estatal detengan y regresen a migrantes indocumentados a los cruces fronterizos para ser procesados por las autoridades migratorias.<\/p>\n\n\n\n<p>&#8220;En los Estados Unidos, la aplicaci\u00f3n de la ley migratoria es facultad exclusiva del Gobierno federal, motivo por el cual nuestro di\u00e1logo en esta materia ocurre a ese nivel&#8221;, inform\u00f3 la federaci\u00f3n. <\/p>\n\n\n\n<p>&#8220;Por tanto, esta acci\u00f3n solo se puede entender como parte de las campa\u00f1as electorales en el estado de Texas&#8221;, consider\u00f3. <\/p>\n\n\n\n<p>&#8220;El Gobierno de M\u00e9xico reitera su compromiso con la protecci\u00f3n de los derechos de los mexicanos que se encuentran en el extranjero, por lo que la Secretar\u00eda de Relaciones Exteriores, a trav\u00e9s de su red de consulados en el estado de Texas, estar\u00e1 atenta para responder a cualquier violaci\u00f3n de estos por parte de las autoridades estatales&#8221;, declar\u00f3.<\/p>\n\n\n\n<p>Este anuncio del gobierno estadounidense se da luego de que el 27 de junio de 2022 fue hallado un tr\u00e1iler abandonado en San Antonio, Texas, donde murieron 53 inmigrantes, de ellos, cuatro oaxaque\u00f1os.<\/p>\n","protected":false},"excerpt":{"rendered":"<p>Ciudad de M\u00e9xico, Mex. 8 de julio de 2022.- El Gobierno de M\u00e9xico rechaza la autorizaci\u00f3n emitida por el gobernador de Texas, Greg Abbott, para que fuerzas del orden estatal detengan y regresen a migrantes indocumentados a los cruces fronterizos para ser procesados por las autoridades migratorias. &#8220;En los Estados Unidos, la aplicaci\u00f3n de la&#8230;<\/p>\n","protected":false},"author":4,"featured_media":10728,"comment_status":"closed","ping_status":"closed","sticky":false,"template":"","format":"standard","meta":{"footnotes":""},"categories":[56],"tags":[],"class_list":["post-10727","post","type-post","status-publish","format-standard","has-post-thumbnail","hentry","category-nacional"],"_links":{"self":[{"href":"https:\/\/fdnoaxaca.net\/index.php\/wp-json\/wp\/v2\/posts\/10727","targetHints":{"allow":["GET"]}}],"collection":[{"href":"https:\/\/fdnoaxaca.net\/index.php\/wp-json\/wp\/v2\/posts"}],"about":[{"href":"https:\/\/fdnoaxaca.net\/index.php\/wp-json\/wp\/v2\/types\/post"}],"author":[{"embeddable":true,"href":"https:\/\/fdnoaxaca.net\/index.php\/wp-json\/wp\/v2\/users\/4"}],"replies":[{"embeddable":true,"href":"https:\/\/fdnoaxaca.net\/index.php\/wp-json\/wp\/v2\/comments?post=10727"}],"version-history":[{"count":1,"href":"https:\/\/fdnoaxaca.net\/index.php\/wp-json\/wp\/v2\/posts\/10727\/revisions"}],"predecessor-version":[{"id":10729,"href":"https:\/\/fdnoaxaca.net\/index.php\/wp-json\/wp\/v2\/posts\/10727\/revisions\/10729"}],"wp:featuredmedia":[{"embeddable":true,"href":"https:\/\/fdnoaxaca.net\/index.php\/wp-json\/wp\/v2\/media\/10728"}],"wp:attachment":[{"href":"https:\/\/fdnoaxaca.net\/index.php\/wp-json\/wp\/v2\/media?parent=10727"}],"wp:term":[{"taxonomy":"category","embeddable":true,"href":"https:\/\/fdnoaxaca.net\/index.php\/wp-json\/wp\/v2\/categories?post=10727"},{"taxonomy":"post_tag","embeddable":true,"href":"https:\/\/fdnoaxaca.net\/index.php\/wp-json\/wp\/v2\/tags?post=10727"}],"curies":[{"name":"wp","href":"https:\/\/api.w.org\/{rel}","templated":true}]}}