{"id":10739,"date":"2022-07-09T14:07:34","date_gmt":"2022-07-09T19:07:34","guid":{"rendered":"https:\/\/fdnoaxaca.net\/?p=10739"},"modified":"2022-07-09T14:07:36","modified_gmt":"2022-07-09T19:07:36","slug":"mas-que-un-gobernador-sere-un-servidor-del-pueblo-oaxaqueno-salomon-jara","status":"publish","type":"post","link":"https:\/\/fdnoaxaca.net\/index.php\/2022\/07\/09\/mas-que-un-gobernador-sere-un-servidor-del-pueblo-oaxaqueno-salomon-jara\/","title":{"rendered":"M\u00e1s que un gobernador, ser\u00e9 un servidor del pueblo oaxaque\u00f1o: Salom\u00f3n Jara"},"content":{"rendered":"\n<p>Oaxaca de Ju\u00e1rez, Oax. 9 de julio de 2022.- El gobernador electo de Oaxaca, Salom\u00f3n Jara Cruz, asegur\u00f3 que su gobierno estar\u00e1 dedicado a atender y solucionar las necesidades de cada comunidad. <\/p>\n\n\n\n<p>Durante su visita a San Juan Colorado, asegur\u00f3 que los oaxaque\u00f1os decidieron que era momento de cambiar la realidad y de comenzar a construir un mejor futuro.<\/p>\n\n\n\n<p>&#8220;Ustedes me dieron su voto y su confianza, y aqu\u00ed estoy cumpliendo mi palabra, escuchando sus propuestas prioritarias para mejorar la calidad de vida de su municipio &#8220;, mencion\u00f3. <\/p>\n\n\n\n<p>Aem\u00e1s de San Juan Colorado, Jara Cruz visit\u00f3 tambi\u00e9n Pinotepa de Don Luis, como parte de su gira del agradecimiento.  <\/p>\n\n\n\n<p>Durante su encuentro con habitantes de estas comunidades, asegur\u00f3 que las pol\u00edticas p\u00fablicas de su administraci\u00f3n se guiar\u00e1n con los valores y los principios con los cuales se rigen los pueblos y comunidades. <\/p>\n\n\n\n<p>&#8220;Nuestros ancestros nos heredaron la cultura del esfuerzo y de la solidaridad, de privilegiar el bienestar de toda la comunidad y de la naturaleza que la rodea, antes que los intereses personales&#8221;, a\u00f1adi\u00f3. <\/p>\n\n\n\n<p>Consider\u00f3 que el primer gobierno de la Cuarta Transformaci\u00f3n no dejar\u00e1 a nadie atr\u00e1s, no excluir\u00e1 a nadie del bienestar y el desarrollo, &#8220;no habr\u00e1 oaxaque\u00f1os de primera y de segunda&#8221;. <\/p>\n\n\n\n<p>Se\u00f1al\u00f3 que los gobiernos alejados del pueblo, los gobiernos de escritorio, son cosa del pasado porque a partir de diciembre pr\u00f3ximo habr\u00e1 mujeres y hombres honestos, capaces y sensibles al frente de las dependencias gubernamentales. <\/p>\n\n\n\n<p>&#8220;Se acab\u00f3 la excesiva, lenta y centralizada tramitolog\u00eda, porque los tr\u00e1mites se agilizar\u00e1n y se transparentar\u00e1n para evitar la corrupci\u00f3n y, adem\u00e1s, ya no tendr\u00e1n que trasladarse hasta la capital del estado para realizarlos&#8221;, declar\u00f3 Salom\u00f3n Jara Cruz.<\/p>\n","protected":false},"excerpt":{"rendered":"<p>Oaxaca de Ju\u00e1rez, Oax. 9 de julio de 2022.- El gobernador electo de Oaxaca, Salom\u00f3n Jara Cruz, asegur\u00f3 que su gobierno estar\u00e1 dedicado a atender y solucionar las necesidades de cada comunidad. Durante su visita a San Juan Colorado, asegur\u00f3 que los oaxaque\u00f1os decidieron que era momento de cambiar la realidad y de comenzar a&#8230;<\/p>\n","protected":false},"author":4,"featured_media":10740,"comment_status":"closed","ping_status":"closed","sticky":false,"template":"","format":"standard","meta":{"footnotes":""},"categories":[4],"tags":[],"class_list":["post-10739","post","type-post","status-publish","format-standard","has-post-thumbnail","hentry","category-general"],"_links":{"self":[{"href":"https:\/\/fdnoaxaca.net\/index.php\/wp-json\/wp\/v2\/posts\/10739","targetHints":{"allow":["GET"]}}],"collection":[{"href":"https:\/\/fdnoaxaca.net\/index.php\/wp-json\/wp\/v2\/posts"}],"about":[{"href":"https:\/\/fdnoaxaca.net\/index.php\/wp-json\/wp\/v2\/types\/post"}],"author":[{"embeddable":true,"href":"https:\/\/fdnoaxaca.net\/index.php\/wp-json\/wp\/v2\/users\/4"}],"replies":[{"embeddable":true,"href":"https:\/\/fdnoaxaca.net\/index.php\/wp-json\/wp\/v2\/comments?post=10739"}],"version-history":[{"count":1,"href":"https:\/\/fdnoaxaca.net\/index.php\/wp-json\/wp\/v2\/posts\/10739\/revisions"}],"predecessor-version":[{"id":10741,"href":"https:\/\/fdnoaxaca.net\/index.php\/wp-json\/wp\/v2\/posts\/10739\/revisions\/10741"}],"wp:featuredmedia":[{"embeddable":true,"href":"https:\/\/fdnoaxaca.net\/index.php\/wp-json\/wp\/v2\/media\/10740"}],"wp:attachment":[{"href":"https:\/\/fdnoaxaca.net\/index.php\/wp-json\/wp\/v2\/media?parent=10739"}],"wp:term":[{"taxonomy":"category","embeddable":true,"href":"https:\/\/fdnoaxaca.net\/index.php\/wp-json\/wp\/v2\/categories?post=10739"},{"taxonomy":"post_tag","embeddable":true,"href":"https:\/\/fdnoaxaca.net\/index.php\/wp-json\/wp\/v2\/tags?post=10739"}],"curies":[{"name":"wp","href":"https:\/\/api.w.org\/{rel}","templated":true}]}}