{"id":10749,"date":"2022-07-11T12:55:15","date_gmt":"2022-07-11T17:55:15","guid":{"rendered":"https:\/\/fdnoaxaca.net\/?p=10749"},"modified":"2022-07-11T12:55:18","modified_gmt":"2022-07-11T17:55:18","slug":"incrementa-un-26-25-contagios-de-covid-19-en-oaxaca","status":"publish","type":"post","link":"https:\/\/fdnoaxaca.net\/index.php\/2022\/07\/11\/incrementa-un-26-25-contagios-de-covid-19-en-oaxaca\/","title":{"rendered":"Incrementa un 26.25% contagios de Covid-19 en Oaxaca"},"content":{"rendered":"\n<p>Oaxaca de Ju\u00e1rez, Oax., 11 de julio de 2022.- En los \u00faltimos siete d\u00edas se registr\u00f3 un incremento en el n\u00famero de contagios de Covid-19 del 26.25% en Oaxaca. <\/p>\n\n\n\n<p>Los Servicios de Salud de Oaxaca informaron que durante el per\u00edodo comprendido del 3 al 9 de julio, la entidad tuvo un acumulado de 129 mil 281 casos confirmados del virus SARS-CoV-2, de los cuales 2 mil 722 se contabilizaron en la \u00faltima semana.<\/p>\n\n\n\n<p>Respecto al global de defunciones desde el inicio de la pandemia, a la fecha es de 6 mil 238 p\u00e9rdidas de vidas humanas. En tanto, en el per\u00edodo que se informa se notificaron cinco fallecimientos a causa de esta patolog\u00eda respiratoria y el promedio de ocupaci\u00f3n hospitalaria fue 11%.<\/p>\n\n\n\n<p>Por ello, la dependencia llam\u00f3 a la poblaci\u00f3n a continuar implementado con disciplina las medidas sanitarias vigentes como son: el uso correcto del cubrebocas, el lavado de manos frecuente con agua y jab\u00f3n, mantener la sana distancia, as\u00ed como priorizar los espacios abiertos y con buena ventilaci\u00f3n, ello para evitar un incremento acelerado de los contagios.<\/p>\n","protected":false},"excerpt":{"rendered":"<p>Oaxaca de Ju\u00e1rez, Oax., 11 de julio de 2022.- En los \u00faltimos siete d\u00edas se registr\u00f3 un incremento en el n\u00famero de contagios de Covid-19 del 26.25% en Oaxaca. Los Servicios de Salud de Oaxaca informaron que durante el per\u00edodo comprendido del 3 al 9 de julio, la entidad tuvo un acumulado de 129 mil&#8230;<\/p>\n","protected":false},"author":4,"featured_media":9234,"comment_status":"closed","ping_status":"closed","sticky":false,"template":"","format":"standard","meta":{"footnotes":""},"categories":[49],"tags":[],"class_list":["post-10749","post","type-post","status-publish","format-standard","has-post-thumbnail","hentry","category-titulares"],"_links":{"self":[{"href":"https:\/\/fdnoaxaca.net\/index.php\/wp-json\/wp\/v2\/posts\/10749","targetHints":{"allow":["GET"]}}],"collection":[{"href":"https:\/\/fdnoaxaca.net\/index.php\/wp-json\/wp\/v2\/posts"}],"about":[{"href":"https:\/\/fdnoaxaca.net\/index.php\/wp-json\/wp\/v2\/types\/post"}],"author":[{"embeddable":true,"href":"https:\/\/fdnoaxaca.net\/index.php\/wp-json\/wp\/v2\/users\/4"}],"replies":[{"embeddable":true,"href":"https:\/\/fdnoaxaca.net\/index.php\/wp-json\/wp\/v2\/comments?post=10749"}],"version-history":[{"count":1,"href":"https:\/\/fdnoaxaca.net\/index.php\/wp-json\/wp\/v2\/posts\/10749\/revisions"}],"predecessor-version":[{"id":10750,"href":"https:\/\/fdnoaxaca.net\/index.php\/wp-json\/wp\/v2\/posts\/10749\/revisions\/10750"}],"wp:featuredmedia":[{"embeddable":true,"href":"https:\/\/fdnoaxaca.net\/index.php\/wp-json\/wp\/v2\/media\/9234"}],"wp:attachment":[{"href":"https:\/\/fdnoaxaca.net\/index.php\/wp-json\/wp\/v2\/media?parent=10749"}],"wp:term":[{"taxonomy":"category","embeddable":true,"href":"https:\/\/fdnoaxaca.net\/index.php\/wp-json\/wp\/v2\/categories?post=10749"},{"taxonomy":"post_tag","embeddable":true,"href":"https:\/\/fdnoaxaca.net\/index.php\/wp-json\/wp\/v2\/tags?post=10749"}],"curies":[{"name":"wp","href":"https:\/\/api.w.org\/{rel}","templated":true}]}}