{"id":10773,"date":"2022-07-14T23:18:48","date_gmt":"2022-07-15T04:18:48","guid":{"rendered":"https:\/\/fdnoaxaca.net\/?p=10773"},"modified":"2022-07-14T23:18:51","modified_gmt":"2022-07-15T04:18:51","slug":"ordenan-a-edil-de-nejapa-de-madero-tomar-protesta-a-funcionaria-municipal","status":"publish","type":"post","link":"https:\/\/fdnoaxaca.net\/index.php\/2022\/07\/14\/ordenan-a-edil-de-nejapa-de-madero-tomar-protesta-a-funcionaria-municipal\/","title":{"rendered":"Ordenan a edil de Nejapa de Madero tomar protesta a funcionaria municipal"},"content":{"rendered":"\n<p>Oaxaca de Ju\u00e1rez, Oax. 14 de julio de 2022.- El Pleno del Tribunal Electoral del Estado de Oaxaca (TEEO) orden\u00f3 al presidente municipal de Nejapa de Madero expedir el nombramiento y tomar protesta a Lucina Jarqu\u00edn Ram\u00edrez, como agente de Polic\u00eda de San Mart\u00edn de Porres, que fue electa en la asamblea general comunitaria el 17 de octubre de 2021.<\/p>\n\n\n\n<p>En la resoluci\u00f3n del juicio de la ciudadan\u00eda ind\u00edgena, identificado con la clave JDCI\/01\/2022; declar\u00f3 fundado el agravio hecho valer por la actora, respecto a la negativa del presidente municipal de expedir su nombramiento; pues si bien dicha autoridad refiri\u00f3 al rendir su informe circunstanciado que no reconoc\u00eda la categor\u00eda de Agencia de Polic\u00eda a la citada comunidad.<\/p>\n\n\n\n<p>Sin embargo, este \u00d3rgano Jurisdiccional advirti\u00f3 que, en autos, obra el Decreto n\u00famero 2808, de 29 de septiembre de 2021, mediante el cual, el Congreso del Estado le otorg\u00f3 a la comunidad de San Mart\u00edn de Porres la categor\u00eda administrativa de Agencia de Polic\u00eda.<\/p>\n\n\n\n<p>Respecto a la denuncia de Jarqu\u00edn Ram\u00edrez por la supuesta negativa de la Secretar\u00eda General de Gobierno de entregarle su acreditaci\u00f3n como agente municipal, esta se declar\u00f3 infundada ya que la actora incumpli\u00f3 con los requisitos establecidos en los Lineamientos para la expedici\u00f3n de credenciales de acreditaci\u00f3n. <\/p>\n","protected":false},"excerpt":{"rendered":"<p>Oaxaca de Ju\u00e1rez, Oax. 14 de julio de 2022.- El Pleno del Tribunal Electoral del Estado de Oaxaca (TEEO) orden\u00f3 al presidente municipal de Nejapa de Madero expedir el nombramiento y tomar protesta a Lucina Jarqu\u00edn Ram\u00edrez, como agente de Polic\u00eda de San Mart\u00edn de Porres, que fue electa en la asamblea general comunitaria el&#8230;<\/p>\n","protected":false},"author":4,"featured_media":9807,"comment_status":"closed","ping_status":"closed","sticky":false,"template":"","format":"standard","meta":{"footnotes":""},"categories":[4],"tags":[],"class_list":["post-10773","post","type-post","status-publish","format-standard","has-post-thumbnail","hentry","category-general"],"_links":{"self":[{"href":"https:\/\/fdnoaxaca.net\/index.php\/wp-json\/wp\/v2\/posts\/10773","targetHints":{"allow":["GET"]}}],"collection":[{"href":"https:\/\/fdnoaxaca.net\/index.php\/wp-json\/wp\/v2\/posts"}],"about":[{"href":"https:\/\/fdnoaxaca.net\/index.php\/wp-json\/wp\/v2\/types\/post"}],"author":[{"embeddable":true,"href":"https:\/\/fdnoaxaca.net\/index.php\/wp-json\/wp\/v2\/users\/4"}],"replies":[{"embeddable":true,"href":"https:\/\/fdnoaxaca.net\/index.php\/wp-json\/wp\/v2\/comments?post=10773"}],"version-history":[{"count":1,"href":"https:\/\/fdnoaxaca.net\/index.php\/wp-json\/wp\/v2\/posts\/10773\/revisions"}],"predecessor-version":[{"id":10774,"href":"https:\/\/fdnoaxaca.net\/index.php\/wp-json\/wp\/v2\/posts\/10773\/revisions\/10774"}],"wp:featuredmedia":[{"embeddable":true,"href":"https:\/\/fdnoaxaca.net\/index.php\/wp-json\/wp\/v2\/media\/9807"}],"wp:attachment":[{"href":"https:\/\/fdnoaxaca.net\/index.php\/wp-json\/wp\/v2\/media?parent=10773"}],"wp:term":[{"taxonomy":"category","embeddable":true,"href":"https:\/\/fdnoaxaca.net\/index.php\/wp-json\/wp\/v2\/categories?post=10773"},{"taxonomy":"post_tag","embeddable":true,"href":"https:\/\/fdnoaxaca.net\/index.php\/wp-json\/wp\/v2\/tags?post=10773"}],"curies":[{"name":"wp","href":"https:\/\/api.w.org\/{rel}","templated":true}]}}