{"id":10780,"date":"2022-07-15T11:39:59","date_gmt":"2022-07-15T16:39:59","guid":{"rendered":"https:\/\/fdnoaxaca.net\/?p=10780"},"modified":"2022-07-15T11:40:02","modified_gmt":"2022-07-15T16:40:02","slug":"determina-congreso-la-no-reeleccion-de-magistrada-en-el-tribunal-superior-de-justicia-de-oaxaca","status":"publish","type":"post","link":"https:\/\/fdnoaxaca.net\/index.php\/2022\/07\/15\/determina-congreso-la-no-reeleccion-de-magistrada-en-el-tribunal-superior-de-justicia-de-oaxaca\/","title":{"rendered":"Determina Congreso la no reelecci\u00f3n de Magistrada en el Tribunal Superior de Justicia de Oaxaca"},"content":{"rendered":"\n<p>San Raymundo Jalpan, Oax. 15 de julio de 2022.- La 65 Legislatura local determin\u00f3 la no reelecci\u00f3n de Maribel Mendoza Flores como Magistrada del Tribunal Superior de Justicia del Estado.<\/p>\n\n\n\n<p>Con 26 votos a favor, el Pleno aprob\u00f3 el dictamen resuelto por la Comisi\u00f3n Permanente de Administraci\u00f3n y Procuraci\u00f3n de Justicia, quien resolvi\u00f3 la no ratificaci\u00f3n de la servidora p\u00fablica por vulnerar la Ley de Protecci\u00f3n de Datos Personales en Posesi\u00f3n de Sujetos Obligados del Estado de Oaxaca.<\/p>\n\n\n\n<p>El grupo de trabajo del Poder Legislativo se\u00f1al\u00f3 que Mendoza Flores us\u00f3, sustrajo y divulg\u00f3 ilegalmente los datos personales que se encontraban bajo su resguardo como magistrada integrante de la Primera Sala Penal y Especializada en Adolescentes del Tribunal Superior de Justicia del Estado de Oaxaca.<\/p>\n\n\n\n<p>Adem\u00e1s de ello, evadi\u00f3 comparecer en las tres ocasiones que fue citada por la Comisi\u00f3n Permanente de Administraci\u00f3n y Procuraci\u00f3n de Justicia para ser sometida a una evaluaci\u00f3n ante el vencimiento del per\u00edodo constitucional de su cargo.<\/p>\n\n\n\n<p>En 2012, la 61 Legislatura de Oaxaca eligi\u00f3 a la ciudadana Maribel Mendoza Flores como magistrada para un per\u00edodo de ocho a\u00f1os, del 25 de septiembre de ese a\u00f1o al 25 de septiembre de 2020; con posibilidad de ser reelecta por un tiempo igual, de acuerdo con el art\u00edculo 102 de la Constituci\u00f3n Pol\u00edtica del Estado.<\/p>\n","protected":false},"excerpt":{"rendered":"<p>San Raymundo Jalpan, Oax. 15 de julio de 2022.- La 65 Legislatura local determin\u00f3 la no reelecci\u00f3n de Maribel Mendoza Flores como Magistrada del Tribunal Superior de Justicia del Estado. Con 26 votos a favor, el Pleno aprob\u00f3 el dictamen resuelto por la Comisi\u00f3n Permanente de Administraci\u00f3n y Procuraci\u00f3n de Justicia, quien resolvi\u00f3 la no&#8230;<\/p>\n","protected":false},"author":4,"featured_media":9879,"comment_status":"closed","ping_status":"closed","sticky":false,"template":"","format":"standard","meta":{"footnotes":""},"categories":[49],"tags":[],"class_list":["post-10780","post","type-post","status-publish","format-standard","has-post-thumbnail","hentry","category-titulares"],"_links":{"self":[{"href":"https:\/\/fdnoaxaca.net\/index.php\/wp-json\/wp\/v2\/posts\/10780","targetHints":{"allow":["GET"]}}],"collection":[{"href":"https:\/\/fdnoaxaca.net\/index.php\/wp-json\/wp\/v2\/posts"}],"about":[{"href":"https:\/\/fdnoaxaca.net\/index.php\/wp-json\/wp\/v2\/types\/post"}],"author":[{"embeddable":true,"href":"https:\/\/fdnoaxaca.net\/index.php\/wp-json\/wp\/v2\/users\/4"}],"replies":[{"embeddable":true,"href":"https:\/\/fdnoaxaca.net\/index.php\/wp-json\/wp\/v2\/comments?post=10780"}],"version-history":[{"count":1,"href":"https:\/\/fdnoaxaca.net\/index.php\/wp-json\/wp\/v2\/posts\/10780\/revisions"}],"predecessor-version":[{"id":10781,"href":"https:\/\/fdnoaxaca.net\/index.php\/wp-json\/wp\/v2\/posts\/10780\/revisions\/10781"}],"wp:featuredmedia":[{"embeddable":true,"href":"https:\/\/fdnoaxaca.net\/index.php\/wp-json\/wp\/v2\/media\/9879"}],"wp:attachment":[{"href":"https:\/\/fdnoaxaca.net\/index.php\/wp-json\/wp\/v2\/media?parent=10780"}],"wp:term":[{"taxonomy":"category","embeddable":true,"href":"https:\/\/fdnoaxaca.net\/index.php\/wp-json\/wp\/v2\/categories?post=10780"},{"taxonomy":"post_tag","embeddable":true,"href":"https:\/\/fdnoaxaca.net\/index.php\/wp-json\/wp\/v2\/tags?post=10780"}],"curies":[{"name":"wp","href":"https:\/\/api.w.org\/{rel}","templated":true}]}}