{"id":10806,"date":"2022-07-18T15:00:41","date_gmt":"2022-07-18T20:00:41","guid":{"rendered":"https:\/\/fdnoaxaca.net\/?p=10806"},"modified":"2022-07-18T15:00:44","modified_gmt":"2022-07-18T20:00:44","slug":"beca-fondo-musalem-a-ocho-oaxaquenas-mas-para-estudiar-el-bachillerato","status":"publish","type":"post","link":"https:\/\/fdnoaxaca.net\/index.php\/2022\/07\/18\/beca-fondo-musalem-a-ocho-oaxaquenas-mas-para-estudiar-el-bachillerato\/","title":{"rendered":"Beca Fondo Musalem a ocho oaxaque\u00f1as m\u00e1s para estudiar el bachillerato"},"content":{"rendered":"\n<p>Oaxaca de Ju\u00e1rez, Oax. 18 de julio de 2022.- Ocho j\u00f3venes oaxaque\u00f1as fueron becadas este lunes por el Fondo Guadalupe Musalem A. C., para que estudien el bachillerato en Oaxaca. <\/p>\n\n\n\n<p>Con la finalidad de formalizar los apoyos que las estudiantes recibir\u00e1n para continuar sus estudios, se realiz\u00f3 este 18 de julio la firma de convenio con quienes ser\u00e1n beneficiarias de la beca durante el ciclo escolar 2022\u20132023.<\/p>\n\n\n\n<p>El evento fue de manera presencial en el hotel Los Olivos Spa, al que se dieron cita los padres de las beneficiadas; Gayne Rodr\u00edguez Guzm\u00e1n, integrante del Consejo Directivo, fungiendo como testiga la empresaria Mina Fern\u00e1ndez Pichardo, generosa amiga del FGM.  <\/p>\n\n\n\n<p>Estuvo presente tambi\u00e9n la graduada maestra Sonia Bautista Le\u00f3n, quien comparti\u00f3 su experiencia y el impacto que tuvo en su vida personal y profesional, haber sido becaria del Fondo. <\/p>\n\n\n\n<p>En su oportunidad, Gayne Rodr\u00edguez expres\u00f3: \u201clo que yo veo aqu\u00ed es el futuro de muchas comunidades, van a ser el cambio y van a compartir con otras ni\u00f1as el beneficio de su educaci\u00f3n, agradecemos a todas las persona generosas que realizan sus donativos, gracias a ellos y ellas ustedes pueden estar aqu\u00ed\u201d.<\/p>\n\n\n\n<p>En su intervenci\u00f3n la graduada Sonia Bautista comparti\u00f3 que en el &#8220;Fondo Guadalupe Musalem nos sentimos acompa\u00f1adas, como becarias tenemos unas alas bien fuertes para poder volar, pero aqu\u00ed nos dan los m\u00fasculos para saber movernos, aqu\u00ed siempre tendremos un respaldo\u201d. <\/p>\n\n\n\n<p>Las j\u00f3venes que a partir de julio iniciar\u00e1n con su proceso de fortalecimiento multidisciplinario son: Emma y Meliza, provenientes de la regi\u00f3n Sierra Sur, Betza y Citlaly, de la Mixteca, Mar\u00eda Elena y Jacinta, de la Costa; de la Sierra Norte, Brenda y de la regi\u00f3n del Papaloapam, Caridad. <\/p>\n\n\n\n<p>A la firma del convenio, recibieron el pago anticipado de agosto con la finalidad de que puedan realizar los gastos que implican iniciar el bachillerato, y les fueron entregadas adem\u00e1s tabletas como apoyo al desarrollo de sus habilidades digitales y para favorecer su aprendizaje. <\/p>\n\n\n\n<p>Las integrantes de nuevo ingreso contar\u00e1n con el acompa\u00f1amiento de una tutora, capacitaciones multidisciplinarias en temas de salud emocional, derechos humanos, apoyo acad\u00e9mico, entre otros,  y un apoyo econ\u00f3mico de dos mil pesos mensuales, as\u00ed como la posibilidad de ser beneficiadas durante los tres a\u00f1os de estudios de su educaci\u00f3n media superior, y apoyo para iniciar estudios universitarios.<\/p>\n\n\n\n<p>A partir del 18 y hasta el 22 de julio, las ocho j\u00f3venes, as\u00ed como las 24 becarias actuales, provenientes de distintas regiones del estado, participar\u00e1n en una jornada de capacitaci\u00f3n. <\/p>\n","protected":false},"excerpt":{"rendered":"<p>Oaxaca de Ju\u00e1rez, Oax. 18 de julio de 2022.- Ocho j\u00f3venes oaxaque\u00f1as fueron becadas este lunes por el Fondo Guadalupe Musalem A. C., para que estudien el bachillerato en Oaxaca. Con la finalidad de formalizar los apoyos que las estudiantes recibir\u00e1n para continuar sus estudios, se realiz\u00f3 este 18 de julio la firma de convenio&#8230;<\/p>\n","protected":false},"author":4,"featured_media":10807,"comment_status":"closed","ping_status":"closed","sticky":false,"template":"","format":"standard","meta":{"footnotes":""},"categories":[4],"tags":[],"class_list":["post-10806","post","type-post","status-publish","format-standard","has-post-thumbnail","hentry","category-general"],"_links":{"self":[{"href":"https:\/\/fdnoaxaca.net\/index.php\/wp-json\/wp\/v2\/posts\/10806","targetHints":{"allow":["GET"]}}],"collection":[{"href":"https:\/\/fdnoaxaca.net\/index.php\/wp-json\/wp\/v2\/posts"}],"about":[{"href":"https:\/\/fdnoaxaca.net\/index.php\/wp-json\/wp\/v2\/types\/post"}],"author":[{"embeddable":true,"href":"https:\/\/fdnoaxaca.net\/index.php\/wp-json\/wp\/v2\/users\/4"}],"replies":[{"embeddable":true,"href":"https:\/\/fdnoaxaca.net\/index.php\/wp-json\/wp\/v2\/comments?post=10806"}],"version-history":[{"count":1,"href":"https:\/\/fdnoaxaca.net\/index.php\/wp-json\/wp\/v2\/posts\/10806\/revisions"}],"predecessor-version":[{"id":10808,"href":"https:\/\/fdnoaxaca.net\/index.php\/wp-json\/wp\/v2\/posts\/10806\/revisions\/10808"}],"wp:featuredmedia":[{"embeddable":true,"href":"https:\/\/fdnoaxaca.net\/index.php\/wp-json\/wp\/v2\/media\/10807"}],"wp:attachment":[{"href":"https:\/\/fdnoaxaca.net\/index.php\/wp-json\/wp\/v2\/media?parent=10806"}],"wp:term":[{"taxonomy":"category","embeddable":true,"href":"https:\/\/fdnoaxaca.net\/index.php\/wp-json\/wp\/v2\/categories?post=10806"},{"taxonomy":"post_tag","embeddable":true,"href":"https:\/\/fdnoaxaca.net\/index.php\/wp-json\/wp\/v2\/tags?post=10806"}],"curies":[{"name":"wp","href":"https:\/\/api.w.org\/{rel}","templated":true}]}}