{"id":10819,"date":"2022-07-20T23:01:30","date_gmt":"2022-07-21T04:01:30","guid":{"rendered":"https:\/\/fdnoaxaca.net\/?p=10819"},"modified":"2022-07-20T23:01:35","modified_gmt":"2022-07-21T04:01:35","slug":"realizan-ieepco-e-inmujeres-talleres-en-municipios-de-la-costa-y-sierra-sur","status":"publish","type":"post","link":"https:\/\/fdnoaxaca.net\/index.php\/2022\/07\/20\/realizan-ieepco-e-inmujeres-talleres-en-municipios-de-la-costa-y-sierra-sur\/","title":{"rendered":"Realizan IEEPCO e Inmujeres talleres en municipios de la Costa y Sierra Sur"},"content":{"rendered":"\n<p>Buscan garantizar los derechos pol\u00edtico-electorales de las mujeres. <\/p>\n\n\n\n<p>Oaxaca de Ju\u00e1rez, Oax. 20 de julio de 2022.- El Instituto Estatal Electoral y de Participaci\u00f3n Ciudadana de Oaxaca (IEEPCO), en coordinaci\u00f3n con el Instituto Nacional de las Mujeres (Inmujeres), inici\u00f3 los talleres sobre derechos pol\u00edticos electorales de las mujeres en municipios de la Costa y Sierra Sur que se rigen por Sistemas Normativos Ind\u00edgenas.   <\/p>\n\n\n\n<p>Lo anterior como parte de la estrategia integral con enfoque intercultural, comunitario y de g\u00e9nero para garantizar la participaci\u00f3n pol\u00edtica de las mujeres en los 415 municipios que elegir\u00e1n a sus autoridades en la entidad oaxaque\u00f1a. <\/p>\n\n\n\n<p>Dicha estrategia tiene como objetivo contribuir al ejercicio pleno de los derechos pol\u00edtico-electorales de las mujeres a trav\u00e9s de procesos de informaci\u00f3n, sensibilizaci\u00f3n, formaci\u00f3n de capacidades, difusi\u00f3n comunitaria y estrategias de coordinaci\u00f3n comunitaria, social e institucional. <\/p>\n\n\n\n<figure class=\"wp-block-image\"><img loading=\"lazy\" decoding=\"async\" width=\"1024\" height=\"768\" src=\"https:\/\/fdnoaxaca.net\/wp-content\/uploads\/2022\/07\/IMG-20220720-WA0182-1024x768.jpg\" alt=\"\" class=\"wp-image-10820\" srcset=\"https:\/\/fdnoaxaca.net\/wp-content\/uploads\/2022\/07\/IMG-20220720-WA0182-1024x768.jpg 1024w, https:\/\/fdnoaxaca.net\/wp-content\/uploads\/2022\/07\/IMG-20220720-WA0182-300x225.jpg 300w, https:\/\/fdnoaxaca.net\/wp-content\/uploads\/2022\/07\/IMG-20220720-WA0182-768x576.jpg 768w, https:\/\/fdnoaxaca.net\/wp-content\/uploads\/2022\/07\/IMG-20220720-WA0182.jpg 1600w\" sizes=\"auto, (max-width: 1024px) 100vw, 1024px\" \/><\/figure>\n\n\n\n<p>De ah\u00ed la realizaci\u00f3n de talleres que se desarrollar\u00e1n este 20 y 21 de julio en las comunidades de Santiago Jamiltepec y San Pedro Mixtepec, a fin de propiciar espacios de reflexi\u00f3n comunitaria teniendo como ejes transversales las perspectivas de pluralismo jur\u00eddico, intercultural y de g\u00e9nero, entre otras actividades.    <\/p>\n\n\n\n<p>Durante el proceso formativo de este mi\u00e9rcoles se dieron cita habitantes y autoridades de los municipios de San Pedro Juchatengo, San Juan Quiahije, Tataltepec de Vald\u00e9s, Santiago Ixtayutla, San Juan Lachao, Santiago Yahitepec, San Lorenzo Texmelucan, San Antonio Tepetlapa y San Miguel Panixtlahuaca.<\/p>\n\n\n\n<figure class=\"wp-block-image\"><img loading=\"lazy\" decoding=\"async\" width=\"1024\" height=\"683\" src=\"https:\/\/fdnoaxaca.net\/wp-content\/uploads\/2022\/07\/IMG-20220720-WA0180-1024x683.jpg\" alt=\"\" class=\"wp-image-10821\" srcset=\"https:\/\/fdnoaxaca.net\/wp-content\/uploads\/2022\/07\/IMG-20220720-WA0180-1024x683.jpg 1024w, https:\/\/fdnoaxaca.net\/wp-content\/uploads\/2022\/07\/IMG-20220720-WA0180-300x200.jpg 300w, https:\/\/fdnoaxaca.net\/wp-content\/uploads\/2022\/07\/IMG-20220720-WA0180-768x512.jpg 768w, https:\/\/fdnoaxaca.net\/wp-content\/uploads\/2022\/07\/IMG-20220720-WA0180-600x400.jpg 600w, https:\/\/fdnoaxaca.net\/wp-content\/uploads\/2022\/07\/IMG-20220720-WA0180-272x182.jpg 272w, https:\/\/fdnoaxaca.net\/wp-content\/uploads\/2022\/07\/IMG-20220720-WA0180.jpg 1280w\" sizes=\"auto, (max-width: 1024px) 100vw, 1024px\" \/><\/figure>\n\n\n\n<p>Tambi\u00e9n se sum\u00f3 la participaci\u00f3n e invaluable aporte de mujeres afromexicanas que habitan en la Costa oaxaque\u00f1a.  <\/p>\n\n\n\n<p>Como parte del proceso formativo se impartieron los temas: derechos humanos de pueblos ind\u00edgenas; marco normativo sobre paridad en municipios con poblaci\u00f3n ind\u00edgena; violencia pol\u00edtica por raz\u00f3n de g\u00e9nero; valores y principios del r\u00e9gimen de Sistemas Normativos Ind\u00edgenas.   <\/p>\n\n\n\n<p>As\u00ed mismo derechos pol\u00edtico-electorales de las mujeres ind\u00edgenas; aportes de las mujeres en la esfera familiar, social, econ\u00f3mica y comunitaria; y buenas pr\u00e1cticas de la participaci\u00f3n de las mujeres en el ejercicio de cargos municipales.  <\/p>\n\n\n\n<p>Adem\u00e1s del an\u00e1lisis respectivo a los lineamientos de paridad y su impacto en la participaci\u00f3n pol\u00edtica de las mujeres ind\u00edgenas al interior de las comunidades.<\/p>\n\n\n\n<figure class=\"wp-block-image\"><img loading=\"lazy\" decoding=\"async\" width=\"1024\" height=\"768\" src=\"https:\/\/fdnoaxaca.net\/wp-content\/uploads\/2022\/07\/IMG-20220720-WA0179-1024x768.jpg\" alt=\"\" class=\"wp-image-10822\" srcset=\"https:\/\/fdnoaxaca.net\/wp-content\/uploads\/2022\/07\/IMG-20220720-WA0179-1024x768.jpg 1024w, https:\/\/fdnoaxaca.net\/wp-content\/uploads\/2022\/07\/IMG-20220720-WA0179-300x225.jpg 300w, https:\/\/fdnoaxaca.net\/wp-content\/uploads\/2022\/07\/IMG-20220720-WA0179-768x576.jpg 768w, https:\/\/fdnoaxaca.net\/wp-content\/uploads\/2022\/07\/IMG-20220720-WA0179.jpg 1600w\" sizes=\"auto, (max-width: 1024px) 100vw, 1024px\" \/><\/figure>\n","protected":false},"excerpt":{"rendered":"<p>Buscan garantizar los derechos pol\u00edtico-electorales de las mujeres. Oaxaca de Ju\u00e1rez, Oax. 20 de julio de 2022.- El Instituto Estatal Electoral y de Participaci\u00f3n Ciudadana de Oaxaca (IEEPCO), en coordinaci\u00f3n con el Instituto Nacional de las Mujeres (Inmujeres), inici\u00f3 los talleres sobre derechos pol\u00edticos electorales de las mujeres en municipios de la Costa y Sierra&#8230;<\/p>\n","protected":false},"author":4,"featured_media":10823,"comment_status":"closed","ping_status":"closed","sticky":false,"template":"","format":"standard","meta":{"footnotes":""},"categories":[49],"tags":[],"class_list":["post-10819","post","type-post","status-publish","format-standard","has-post-thumbnail","hentry","category-titulares"],"_links":{"self":[{"href":"https:\/\/fdnoaxaca.net\/index.php\/wp-json\/wp\/v2\/posts\/10819","targetHints":{"allow":["GET"]}}],"collection":[{"href":"https:\/\/fdnoaxaca.net\/index.php\/wp-json\/wp\/v2\/posts"}],"about":[{"href":"https:\/\/fdnoaxaca.net\/index.php\/wp-json\/wp\/v2\/types\/post"}],"author":[{"embeddable":true,"href":"https:\/\/fdnoaxaca.net\/index.php\/wp-json\/wp\/v2\/users\/4"}],"replies":[{"embeddable":true,"href":"https:\/\/fdnoaxaca.net\/index.php\/wp-json\/wp\/v2\/comments?post=10819"}],"version-history":[{"count":1,"href":"https:\/\/fdnoaxaca.net\/index.php\/wp-json\/wp\/v2\/posts\/10819\/revisions"}],"predecessor-version":[{"id":10824,"href":"https:\/\/fdnoaxaca.net\/index.php\/wp-json\/wp\/v2\/posts\/10819\/revisions\/10824"}],"wp:featuredmedia":[{"embeddable":true,"href":"https:\/\/fdnoaxaca.net\/index.php\/wp-json\/wp\/v2\/media\/10823"}],"wp:attachment":[{"href":"https:\/\/fdnoaxaca.net\/index.php\/wp-json\/wp\/v2\/media?parent=10819"}],"wp:term":[{"taxonomy":"category","embeddable":true,"href":"https:\/\/fdnoaxaca.net\/index.php\/wp-json\/wp\/v2\/categories?post=10819"},{"taxonomy":"post_tag","embeddable":true,"href":"https:\/\/fdnoaxaca.net\/index.php\/wp-json\/wp\/v2\/tags?post=10819"}],"curies":[{"name":"wp","href":"https:\/\/api.w.org\/{rel}","templated":true}]}}