{"id":10825,"date":"2022-07-21T13:48:14","date_gmt":"2022-07-21T18:48:14","guid":{"rendered":"https:\/\/fdnoaxaca.net\/?p=10825"},"modified":"2022-07-21T13:48:17","modified_gmt":"2022-07-21T18:48:17","slug":"proponen-que-migrantes-detenidos-en-oaxaca-cuenten-con-un-abogado","status":"publish","type":"post","link":"https:\/\/fdnoaxaca.net\/index.php\/2022\/07\/21\/proponen-que-migrantes-detenidos-en-oaxaca-cuenten-con-un-abogado\/","title":{"rendered":"Proponen que migrantes detenidos en Oaxaca cuenten con un abogado"},"content":{"rendered":"\n<p>*La propuesta de reforma plantea atenci\u00f3n legal en cada estaci\u00f3n migratoria del Instituto Nacional de Migraci\u00f3n (INM)<\/p>\n\n\n\n<p>San Raymundo Jalpan, Oax. 21 de julio de 2022.- Para dar asistencia jur\u00eddica a los migrantes detenidos en Oaxaca, el Congreso local estudia la iniciativa \u201cDefensor del Migrante\u201d.<\/p>\n\n\n\n<p>Esta propuesta legislativa, presentada por la Comisi\u00f3n Permanente de Migraci\u00f3n y Asuntos Internacionales de la 65 Legislatura local, propone modificaciones al art\u00edculo 8 de la Ley para el Reconocimiento y Atenci\u00f3n de los Derechos de los Migrantes y sus Familias de Oaxaca, y al art\u00edculo 6 de la Ley de la Defensor\u00eda P\u00fablica del Estado.<\/p>\n\n\n\n<p>Surge del primer concurso juvenil -Propuesta Legislativa de Migraci\u00f3n \u201cLos que se quedan\u201d-, misma que fue planteada por la joven Zuaily Jaretsi Rasgado Cruz, originaria de Tapanatepec.<\/p>\n\n\n\n<p>Consiste en la creaci\u00f3n de la figura del \u201cdefensor de migrantes\u201d, con el fin de garantizar a todas las personas extranjeras en situaci\u00f3n migratoria irregular, el derecho humano de acceso a la justicia, y as\u00ed, en caso de ser detenidas en el estado puedan contar con un abogado que no dependa de las autoridades que realizan los arrestos.<\/p>\n\n\n\n<p>La iniciativa planteada ante el Pleno por la diputada Concepci\u00f3n Rueda G\u00f3mez, fue turnada para su an\u00e1lisis a las Comisiones Permanentes de Administraci\u00f3n y Procuraci\u00f3n de Justicia, y de Migraci\u00f3n y Asuntos Internacionales.<\/p>\n\n\n\n<p>De aprobarse dicha reforma, el Instituto Nacional de Migraci\u00f3n (INM) contar\u00eda con un defensor p\u00fablico, \u00fanico y exclusivamente para la atenci\u00f3n de los migrantes que son detenidos en el estado.<\/p>\n","protected":false},"excerpt":{"rendered":"<p>*La propuesta de reforma plantea atenci\u00f3n legal en cada estaci\u00f3n migratoria del Instituto Nacional de Migraci\u00f3n (INM) San Raymundo Jalpan, Oax. 21 de julio de 2022.- Para dar asistencia jur\u00eddica a los migrantes detenidos en Oaxaca, el Congreso local estudia la iniciativa \u201cDefensor del Migrante\u201d. Esta propuesta legislativa, presentada por la Comisi\u00f3n Permanente de Migraci\u00f3n&#8230;<\/p>\n","protected":false},"author":4,"featured_media":10826,"comment_status":"closed","ping_status":"closed","sticky":false,"template":"","format":"standard","meta":{"footnotes":""},"categories":[49],"tags":[],"class_list":["post-10825","post","type-post","status-publish","format-standard","has-post-thumbnail","hentry","category-titulares"],"_links":{"self":[{"href":"https:\/\/fdnoaxaca.net\/index.php\/wp-json\/wp\/v2\/posts\/10825","targetHints":{"allow":["GET"]}}],"collection":[{"href":"https:\/\/fdnoaxaca.net\/index.php\/wp-json\/wp\/v2\/posts"}],"about":[{"href":"https:\/\/fdnoaxaca.net\/index.php\/wp-json\/wp\/v2\/types\/post"}],"author":[{"embeddable":true,"href":"https:\/\/fdnoaxaca.net\/index.php\/wp-json\/wp\/v2\/users\/4"}],"replies":[{"embeddable":true,"href":"https:\/\/fdnoaxaca.net\/index.php\/wp-json\/wp\/v2\/comments?post=10825"}],"version-history":[{"count":1,"href":"https:\/\/fdnoaxaca.net\/index.php\/wp-json\/wp\/v2\/posts\/10825\/revisions"}],"predecessor-version":[{"id":10827,"href":"https:\/\/fdnoaxaca.net\/index.php\/wp-json\/wp\/v2\/posts\/10825\/revisions\/10827"}],"wp:featuredmedia":[{"embeddable":true,"href":"https:\/\/fdnoaxaca.net\/index.php\/wp-json\/wp\/v2\/media\/10826"}],"wp:attachment":[{"href":"https:\/\/fdnoaxaca.net\/index.php\/wp-json\/wp\/v2\/media?parent=10825"}],"wp:term":[{"taxonomy":"category","embeddable":true,"href":"https:\/\/fdnoaxaca.net\/index.php\/wp-json\/wp\/v2\/categories?post=10825"},{"taxonomy":"post_tag","embeddable":true,"href":"https:\/\/fdnoaxaca.net\/index.php\/wp-json\/wp\/v2\/tags?post=10825"}],"curies":[{"name":"wp","href":"https:\/\/api.w.org\/{rel}","templated":true}]}}