{"id":10832,"date":"2022-07-21T21:37:50","date_gmt":"2022-07-22T02:37:50","guid":{"rendered":"https:\/\/fdnoaxaca.net\/?p=10832"},"modified":"2022-07-21T21:37:54","modified_gmt":"2022-07-22T02:37:54","slug":"rescatan-a-nino-secuestrado-en-oaxaca","status":"publish","type":"post","link":"https:\/\/fdnoaxaca.net\/index.php\/2022\/07\/21\/rescatan-a-nino-secuestrado-en-oaxaca\/","title":{"rendered":"Rescatan a ni\u00f1o secuestrado en Oaxaca"},"content":{"rendered":"\n<p>Oaxaca de Ju\u00e1rez, Oax., 21 de julio de 2022.- Un menor de edad secuestrado fue rescatado con vida en Oaxaca, inform\u00f3 la Fiscal\u00eda General del Estado. <\/p>\n\n\n\n<p>Durante el operativo para recuperar al ni\u00f1o plagiado, uno de los presuntos secuestradores, identificado como R. G. M. C., fue detenido. <\/p>\n\n\n\n<p>De acuerdo con la carpeta de investigaci\u00f3n 24222\/FIST\/JUCHITAN\/2022, los hechos sucedieron en Juchit\u00e1n de Zaragoza, en el Istmo de Tehuantepec, el 12 de julio de 2022. <\/p>\n\n\n\n<p>La v\u00edctima fue privada de la libertad por su primo, cuando se dirig\u00eda a la escuela. El mismo d\u00eda del secuestro, se pusieron en contacto con la familia del menor de edad, para exigir dinero a cambio de dejarlo libre.<\/p>\n\n\n\n<p>Al respecto, la Fiscal\u00eda inici\u00f3 las investigaciones correspondientes a trav\u00e9s de la Vicefiscal\u00eda Regional del Istmo y de la Unidad Especializada en el Combate al Secuestro, perteneciente a la Fiscal\u00eda de Atenci\u00f3n a Delitos de Alto Impacto.<\/p>\n\n\n\n<p>Derivado de las labores de inteligencia, inform\u00f3, en menos de 48 horas identificaron al probable responsable, as\u00ed como la ubicaci\u00f3n de la casa de seguridad donde ten\u00edan secuestrado al ni\u00f1o, por lo que realizaron un operativo para liberar al menor de edad, y en el cual aprehendieron a uno de los presuntos responsables. <\/p>\n\n\n\n<p>Tras presentar ante el juez al probable responsable, la autoridad judicial lo vincul\u00f3 a proceso e impuso prisi\u00f3n preventiva para el imputado, quien qued\u00f3 internado en el penal de Tanivet; se determin\u00f3 seis meses para el cierre de la investigaci\u00f3n.<\/p>\n","protected":false},"excerpt":{"rendered":"<p>Oaxaca de Ju\u00e1rez, Oax., 21 de julio de 2022.- Un menor de edad secuestrado fue rescatado con vida en Oaxaca, inform\u00f3 la Fiscal\u00eda General del Estado. Durante el operativo para recuperar al ni\u00f1o plagiado, uno de los presuntos secuestradores, identificado como R. G. M. C., fue detenido. De acuerdo con la carpeta de investigaci\u00f3n 24222\/FIST\/JUCHITAN\/2022,&#8230;<\/p>\n","protected":false},"author":4,"featured_media":10833,"comment_status":"closed","ping_status":"closed","sticky":false,"template":"","format":"standard","meta":{"footnotes":""},"categories":[49],"tags":[],"class_list":["post-10832","post","type-post","status-publish","format-standard","has-post-thumbnail","hentry","category-titulares"],"_links":{"self":[{"href":"https:\/\/fdnoaxaca.net\/index.php\/wp-json\/wp\/v2\/posts\/10832","targetHints":{"allow":["GET"]}}],"collection":[{"href":"https:\/\/fdnoaxaca.net\/index.php\/wp-json\/wp\/v2\/posts"}],"about":[{"href":"https:\/\/fdnoaxaca.net\/index.php\/wp-json\/wp\/v2\/types\/post"}],"author":[{"embeddable":true,"href":"https:\/\/fdnoaxaca.net\/index.php\/wp-json\/wp\/v2\/users\/4"}],"replies":[{"embeddable":true,"href":"https:\/\/fdnoaxaca.net\/index.php\/wp-json\/wp\/v2\/comments?post=10832"}],"version-history":[{"count":1,"href":"https:\/\/fdnoaxaca.net\/index.php\/wp-json\/wp\/v2\/posts\/10832\/revisions"}],"predecessor-version":[{"id":10834,"href":"https:\/\/fdnoaxaca.net\/index.php\/wp-json\/wp\/v2\/posts\/10832\/revisions\/10834"}],"wp:featuredmedia":[{"embeddable":true,"href":"https:\/\/fdnoaxaca.net\/index.php\/wp-json\/wp\/v2\/media\/10833"}],"wp:attachment":[{"href":"https:\/\/fdnoaxaca.net\/index.php\/wp-json\/wp\/v2\/media?parent=10832"}],"wp:term":[{"taxonomy":"category","embeddable":true,"href":"https:\/\/fdnoaxaca.net\/index.php\/wp-json\/wp\/v2\/categories?post=10832"},{"taxonomy":"post_tag","embeddable":true,"href":"https:\/\/fdnoaxaca.net\/index.php\/wp-json\/wp\/v2\/tags?post=10832"}],"curies":[{"name":"wp","href":"https:\/\/api.w.org\/{rel}","templated":true}]}}