{"id":10839,"date":"2022-07-26T12:31:54","date_gmt":"2022-07-26T17:31:54","guid":{"rendered":"https:\/\/fdnoaxaca.net\/?p=10839"},"modified":"2022-07-26T12:31:57","modified_gmt":"2022-07-26T17:31:57","slug":"confirman-primer-caso-de-viruela-del-mono-en-oaxaca","status":"publish","type":"post","link":"https:\/\/fdnoaxaca.net\/index.php\/2022\/07\/26\/confirman-primer-caso-de-viruela-del-mono-en-oaxaca\/","title":{"rendered":"Confirman primer caso de viruela del mono en Oaxaca"},"content":{"rendered":"\n<p>Oaxaca de Ju\u00e1rez, Oax. 26 de julio de 2022.- Oaxaca se sum\u00f3 a otros 10 estados del pa\u00eds que han reportado contagios de viruela del mono.<\/p>\n\n\n\n<p>El Sistema Nacional de Vigilancia Epidemiol\u00f3gica (Sinave) inform\u00f3 que en Oaxaca se detect\u00f3 un primer caso de esta enfermedad, en un paciente joven de 27 a\u00f1os de edad, quien fue recibido en un hospital p\u00fablico de la capital del estado.<\/p>\n\n\n\n<p>La titular de los Servicios de Salud de Oaxaca, Virginia S\u00e1nchez R\u00edos, inform\u00f3 que el paciente se encuentra estable de salud, aislado, y recibiendo la atenci\u00f3n m\u00e9dica. <\/p>\n\n\n\n<p>Pidi\u00f3 a la poblaci\u00f3n no alarmarse, y continuar con las medidas sanitarias para prevenir casos, as\u00ed como con el Covid-19. <\/p>\n\n\n\n<p>Hasta ahora, se han confirmado 60 casos de esta enfermedad en el pa\u00eds mexicano. <\/p>\n","protected":false},"excerpt":{"rendered":"<p>Oaxaca de Ju\u00e1rez, Oax. 26 de julio de 2022.- Oaxaca se sum\u00f3 a otros 10 estados del pa\u00eds que han reportado contagios de viruela del mono. El Sistema Nacional de Vigilancia Epidemiol\u00f3gica (Sinave) inform\u00f3 que en Oaxaca se detect\u00f3 un primer caso de esta enfermedad, en un paciente joven de 27 a\u00f1os de edad, quien&#8230;<\/p>\n","protected":false},"author":4,"featured_media":10840,"comment_status":"closed","ping_status":"closed","sticky":false,"template":"","format":"standard","meta":{"footnotes":""},"categories":[49],"tags":[],"class_list":["post-10839","post","type-post","status-publish","format-standard","has-post-thumbnail","hentry","category-titulares"],"_links":{"self":[{"href":"https:\/\/fdnoaxaca.net\/index.php\/wp-json\/wp\/v2\/posts\/10839","targetHints":{"allow":["GET"]}}],"collection":[{"href":"https:\/\/fdnoaxaca.net\/index.php\/wp-json\/wp\/v2\/posts"}],"about":[{"href":"https:\/\/fdnoaxaca.net\/index.php\/wp-json\/wp\/v2\/types\/post"}],"author":[{"embeddable":true,"href":"https:\/\/fdnoaxaca.net\/index.php\/wp-json\/wp\/v2\/users\/4"}],"replies":[{"embeddable":true,"href":"https:\/\/fdnoaxaca.net\/index.php\/wp-json\/wp\/v2\/comments?post=10839"}],"version-history":[{"count":1,"href":"https:\/\/fdnoaxaca.net\/index.php\/wp-json\/wp\/v2\/posts\/10839\/revisions"}],"predecessor-version":[{"id":10841,"href":"https:\/\/fdnoaxaca.net\/index.php\/wp-json\/wp\/v2\/posts\/10839\/revisions\/10841"}],"wp:featuredmedia":[{"embeddable":true,"href":"https:\/\/fdnoaxaca.net\/index.php\/wp-json\/wp\/v2\/media\/10840"}],"wp:attachment":[{"href":"https:\/\/fdnoaxaca.net\/index.php\/wp-json\/wp\/v2\/media?parent=10839"}],"wp:term":[{"taxonomy":"category","embeddable":true,"href":"https:\/\/fdnoaxaca.net\/index.php\/wp-json\/wp\/v2\/categories?post=10839"},{"taxonomy":"post_tag","embeddable":true,"href":"https:\/\/fdnoaxaca.net\/index.php\/wp-json\/wp\/v2\/tags?post=10839"}],"curies":[{"name":"wp","href":"https:\/\/api.w.org\/{rel}","templated":true}]}}