{"id":10842,"date":"2022-07-27T11:00:53","date_gmt":"2022-07-27T16:00:53","guid":{"rendered":"https:\/\/fdnoaxaca.net\/?p=10842"},"modified":"2022-07-27T11:00:57","modified_gmt":"2022-07-27T16:00:57","slug":"confirman-segundo-caso-de-viruela-de-mono-en-oaxaca","status":"publish","type":"post","link":"https:\/\/fdnoaxaca.net\/index.php\/2022\/07\/27\/confirman-segundo-caso-de-viruela-de-mono-en-oaxaca\/","title":{"rendered":"Confirman segundo caso de viruela de mono en Oaxaca"},"content":{"rendered":"\n<p>Oaxaca de Ju\u00e1rez, Oax. 27 de julio de 2022.- Un segundo caso de viruela de mono se confirm\u00f3 en Oaxaca, ahora en una paciente de 30 a\u00f1os, en la regi\u00f3n de Valles Centrales. <\/p>\n\n\n\n<p>Los Servicios de Salud de Oaxaca (SSO) informan que el Instituto de Diagn\u00f3stico y Referencia Epidemiol\u00f3gicos (InDRE) confirm\u00f3 que la mujer contagiada es contacto directo de la primera persona en tener el virus. <\/p>\n\n\n\n<p>Indic\u00f3 que la paciente se encuentra estable, en aislamiento domiciliario y es monitoreada por personal m\u00e9dico.<\/p>\n\n\n\n<p>Ante ello, la dependencia exhorta a la poblaci\u00f3n fortalecer las medidas sanitarias contra este padecimiento; asimismo puntualiza que se mantiene la vigilancia epidemiol\u00f3gica en todas las unidades m\u00e9dicas y de salud p\u00fablica del sector en el territorio estatal.<\/p>\n\n\n\n<p>Precisa que, aunque la viruela del mono sigue considerada como leve, autolimitada y de baja transmisi\u00f3n, se recomienda a los oaxaque\u00f1os usar de forma correcta el cubrebocas, lavar las manos con agua y jab\u00f3n, o con soluci\u00f3n alcoholada al 70%, cubrir nariz y boca al estornudar o toser con el codo flexionado, evitar compartir alimentos, bebidas, cubiertos y platos.<\/p>\n\n\n\n<p>De acuerdo con la Organizaci\u00f3n Mundial de la Salud (OMS), esta enfermedad se transmite por contacto directo con animales infectados como monos y roedores, o bien, al comer carne contaminada por el MPXV; por exposici\u00f3n a secreciones de alguien enfermo a trav\u00e9s de mucosas o lesiones de la piel; por medio de got\u00edculas de saliva y objetos contaminados con l\u00edquidos corporales de la persona contagiada.<\/p>\n\n\n\n<p>Despu\u00e9s de la exposici\u00f3n al virus, el individuo permanece asintom\u00e1tico de siete a 14 d\u00edas antes del inicio de s\u00edntomas, los cuales son fiebre, dolor de cabeza intenso, muscular y lumbar, fatiga, debilidad, inflamaci\u00f3n de los ganglios linf\u00e1ticos, erupciones que aparecen en la cara, manos y posteriormente se extienden al resto del cuerpo.<\/p>\n\n\n\n<p>De ah\u00ed, que es fundamental que de encontrarse con alguien contagiado se debe usar mascarilla m\u00e9dica, especialmente si est\u00e1 tosiendo o tiene lesiones en la boca, limpiar o desinfectar los espacios en los que haya estado, evitar el contacto con el enfermo, tocar las lesiones directamente con las manos, pues se deben utilizar guantes, los cuales tienen que desecharse al t\u00e9rmino de su uso de forma correcta y acudir a revisi\u00f3n m\u00e9dica para el diagn\u00f3stico oportuno en caso de presentar s\u00edntomas.<\/p>\n","protected":false},"excerpt":{"rendered":"<p>Oaxaca de Ju\u00e1rez, Oax. 27 de julio de 2022.- Un segundo caso de viruela de mono se confirm\u00f3 en Oaxaca, ahora en una paciente de 30 a\u00f1os, en la regi\u00f3n de Valles Centrales. Los Servicios de Salud de Oaxaca (SSO) informan que el Instituto de Diagn\u00f3stico y Referencia Epidemiol\u00f3gicos (InDRE) confirm\u00f3 que la mujer contagiada&#8230;<\/p>\n","protected":false},"author":4,"featured_media":10843,"comment_status":"closed","ping_status":"closed","sticky":false,"template":"","format":"standard","meta":{"footnotes":""},"categories":[49],"tags":[],"class_list":["post-10842","post","type-post","status-publish","format-standard","has-post-thumbnail","hentry","category-titulares"],"_links":{"self":[{"href":"https:\/\/fdnoaxaca.net\/index.php\/wp-json\/wp\/v2\/posts\/10842","targetHints":{"allow":["GET"]}}],"collection":[{"href":"https:\/\/fdnoaxaca.net\/index.php\/wp-json\/wp\/v2\/posts"}],"about":[{"href":"https:\/\/fdnoaxaca.net\/index.php\/wp-json\/wp\/v2\/types\/post"}],"author":[{"embeddable":true,"href":"https:\/\/fdnoaxaca.net\/index.php\/wp-json\/wp\/v2\/users\/4"}],"replies":[{"embeddable":true,"href":"https:\/\/fdnoaxaca.net\/index.php\/wp-json\/wp\/v2\/comments?post=10842"}],"version-history":[{"count":1,"href":"https:\/\/fdnoaxaca.net\/index.php\/wp-json\/wp\/v2\/posts\/10842\/revisions"}],"predecessor-version":[{"id":10844,"href":"https:\/\/fdnoaxaca.net\/index.php\/wp-json\/wp\/v2\/posts\/10842\/revisions\/10844"}],"wp:featuredmedia":[{"embeddable":true,"href":"https:\/\/fdnoaxaca.net\/index.php\/wp-json\/wp\/v2\/media\/10843"}],"wp:attachment":[{"href":"https:\/\/fdnoaxaca.net\/index.php\/wp-json\/wp\/v2\/media?parent=10842"}],"wp:term":[{"taxonomy":"category","embeddable":true,"href":"https:\/\/fdnoaxaca.net\/index.php\/wp-json\/wp\/v2\/categories?post=10842"},{"taxonomy":"post_tag","embeddable":true,"href":"https:\/\/fdnoaxaca.net\/index.php\/wp-json\/wp\/v2\/tags?post=10842"}],"curies":[{"name":"wp","href":"https:\/\/api.w.org\/{rel}","templated":true}]}}