{"id":10904,"date":"2022-08-08T10:29:10","date_gmt":"2022-08-08T15:29:10","guid":{"rendered":"https:\/\/fdnoaxaca.net\/?p=10904"},"modified":"2022-08-08T10:29:12","modified_gmt":"2022-08-08T15:29:12","slug":"reportan-2-mil-863-contagios-nuevos-de-covid-19-en-una-semana-en-oaxaca","status":"publish","type":"post","link":"https:\/\/fdnoaxaca.net\/index.php\/2022\/08\/08\/reportan-2-mil-863-contagios-nuevos-de-covid-19-en-una-semana-en-oaxaca\/","title":{"rendered":"Reportan 2 mil 863 contagios nuevos de Covid-19 en una semana en Oaxaca"},"content":{"rendered":"\n<p>Oaxaca de Ju\u00e1rez, Oax. 8 de agosto de 2022.- Del 31 de julio al 6 de agosto, la entidad registr\u00f3 un acumulado de 142 mil 364 casos confirmados del virus SARS-CoV-2, de los cuales 2 mil 863 se contabilizaron en estos \u00faltimos siete d\u00edas en Oaxaca. <\/p>\n\n\n\n<p>Al respecto, el jefe de la Unidad de Equidad en la Atenci\u00f3n M\u00e9dica de los Servicios de Salud, Danner Vicente Orozco Lalo, precis\u00f3 que el global de defunciones desde el inicio de la pandemia a la fecha es de 6 mil 285.<\/p>\n\n\n\n<p>En tanto, en el per\u00edodo que se informa se notificaron 16 fallecimientos a causa de esta patolog\u00eda respiratoria, y el promedio de ocupaci\u00f3n hospitalaria fue de 23.8%. <\/p>\n\n\n\n<p>Ante esta situaci\u00f3n, la dependencia exhorta a la poblaci\u00f3n a mantener las medidas de prevenci\u00f3n para reducir el riesgo de contagio.<\/p>\n","protected":false},"excerpt":{"rendered":"<p>Oaxaca de Ju\u00e1rez, Oax. 8 de agosto de 2022.- Del 31 de julio al 6 de agosto, la entidad registr\u00f3 un acumulado de 142 mil 364 casos confirmados del virus SARS-CoV-2, de los cuales 2 mil 863 se contabilizaron en estos \u00faltimos siete d\u00edas en Oaxaca. Al respecto, el jefe de la Unidad de Equidad&#8230;<\/p>\n","protected":false},"author":4,"featured_media":10855,"comment_status":"closed","ping_status":"closed","sticky":false,"template":"","format":"standard","meta":{"footnotes":""},"categories":[49],"tags":[],"class_list":["post-10904","post","type-post","status-publish","format-standard","has-post-thumbnail","hentry","category-titulares"],"_links":{"self":[{"href":"https:\/\/fdnoaxaca.net\/index.php\/wp-json\/wp\/v2\/posts\/10904","targetHints":{"allow":["GET"]}}],"collection":[{"href":"https:\/\/fdnoaxaca.net\/index.php\/wp-json\/wp\/v2\/posts"}],"about":[{"href":"https:\/\/fdnoaxaca.net\/index.php\/wp-json\/wp\/v2\/types\/post"}],"author":[{"embeddable":true,"href":"https:\/\/fdnoaxaca.net\/index.php\/wp-json\/wp\/v2\/users\/4"}],"replies":[{"embeddable":true,"href":"https:\/\/fdnoaxaca.net\/index.php\/wp-json\/wp\/v2\/comments?post=10904"}],"version-history":[{"count":1,"href":"https:\/\/fdnoaxaca.net\/index.php\/wp-json\/wp\/v2\/posts\/10904\/revisions"}],"predecessor-version":[{"id":10905,"href":"https:\/\/fdnoaxaca.net\/index.php\/wp-json\/wp\/v2\/posts\/10904\/revisions\/10905"}],"wp:featuredmedia":[{"embeddable":true,"href":"https:\/\/fdnoaxaca.net\/index.php\/wp-json\/wp\/v2\/media\/10855"}],"wp:attachment":[{"href":"https:\/\/fdnoaxaca.net\/index.php\/wp-json\/wp\/v2\/media?parent=10904"}],"wp:term":[{"taxonomy":"category","embeddable":true,"href":"https:\/\/fdnoaxaca.net\/index.php\/wp-json\/wp\/v2\/categories?post=10904"},{"taxonomy":"post_tag","embeddable":true,"href":"https:\/\/fdnoaxaca.net\/index.php\/wp-json\/wp\/v2\/tags?post=10904"}],"curies":[{"name":"wp","href":"https:\/\/api.w.org\/{rel}","templated":true}]}}