{"id":11143,"date":"2022-10-23T21:57:29","date_gmt":"2022-10-24T02:57:29","guid":{"rendered":"https:\/\/fdnoaxaca.net\/?p=11143"},"modified":"2022-10-23T21:57:31","modified_gmt":"2022-10-24T02:57:31","slug":"en-oaxaca-a-partir-de-este-lunes-sera-opcional-uso-de-cubrebocas","status":"publish","type":"post","link":"https:\/\/fdnoaxaca.net\/index.php\/2022\/10\/23\/en-oaxaca-a-partir-de-este-lunes-sera-opcional-uso-de-cubrebocas\/","title":{"rendered":"En Oaxaca, a partir de este lunes ser\u00e1 opcional uso de cubrebocas"},"content":{"rendered":"\n<p>Oaxaca de Ju\u00e1rez, Oax. 23 de octubre de 2022.- A partir de este lunes 24 de octubre ser\u00e1 opcional el uso de cubrebocas en espacios abiertos en Oaxaca, luego de m\u00e1s de dos a\u00f1os de haber mantenido esta medida ante la emergencia sanitaria por el Covid-19. <\/p>\n\n\n\n<p>Este domingo, el gobernador del estado, Alejandro Murat Hinojosa, inform\u00f3 de esta decisi\u00f3n tomada de acuerdo con el Consejo de Salubridad General y la Secretar\u00eda de Salud de Oaxaca. <\/p>\n\n\n\n<p>Detall\u00f3 que cada persona en la entidad podr\u00e1 elegir el uso de cubrebocas y las medidas de cuidados para prevenir el Covid-19. <\/p>\n\n\n\n<p>\u201cTodas las decisiones que hemos tomado en el sector Salud han sido apegadas a los criterios de ciencia y a las directrices que se han establecido a nivel federal, y platicadas con el Consejo de Salubridad del estado de Oaxaca\u201d, expres\u00f3. <\/p>\n\n\n\n<p>En Oaxaca, desde el inicio de la epidemia se han acumulado 149 mil 771 casos confirmados del virus SARS-CoV-2, de los cuales 49 se contabilizaron del 16 al 22 de octubre. <\/p>\n\n\n\n<p>De acuerdo con los Servicios de Salud, el global de defunciones se mantiene en 6 mil 343 casos, registrados de 2020 a 2022.<\/p>\n","protected":false},"excerpt":{"rendered":"<p>Oaxaca de Ju\u00e1rez, Oax. 23 de octubre de 2022.- A partir de este lunes 24 de octubre ser\u00e1 opcional el uso de cubrebocas en espacios abiertos en Oaxaca, luego de m\u00e1s de dos a\u00f1os de haber mantenido esta medida ante la emergencia sanitaria por el Covid-19. Este domingo, el gobernador del estado, Alejandro Murat Hinojosa,&#8230;<\/p>\n","protected":false},"author":4,"featured_media":9250,"comment_status":"closed","ping_status":"closed","sticky":false,"template":"","format":"standard","meta":{"footnotes":""},"categories":[49],"tags":[],"class_list":["post-11143","post","type-post","status-publish","format-standard","has-post-thumbnail","hentry","category-titulares"],"_links":{"self":[{"href":"https:\/\/fdnoaxaca.net\/index.php\/wp-json\/wp\/v2\/posts\/11143","targetHints":{"allow":["GET"]}}],"collection":[{"href":"https:\/\/fdnoaxaca.net\/index.php\/wp-json\/wp\/v2\/posts"}],"about":[{"href":"https:\/\/fdnoaxaca.net\/index.php\/wp-json\/wp\/v2\/types\/post"}],"author":[{"embeddable":true,"href":"https:\/\/fdnoaxaca.net\/index.php\/wp-json\/wp\/v2\/users\/4"}],"replies":[{"embeddable":true,"href":"https:\/\/fdnoaxaca.net\/index.php\/wp-json\/wp\/v2\/comments?post=11143"}],"version-history":[{"count":1,"href":"https:\/\/fdnoaxaca.net\/index.php\/wp-json\/wp\/v2\/posts\/11143\/revisions"}],"predecessor-version":[{"id":11144,"href":"https:\/\/fdnoaxaca.net\/index.php\/wp-json\/wp\/v2\/posts\/11143\/revisions\/11144"}],"wp:featuredmedia":[{"embeddable":true,"href":"https:\/\/fdnoaxaca.net\/index.php\/wp-json\/wp\/v2\/media\/9250"}],"wp:attachment":[{"href":"https:\/\/fdnoaxaca.net\/index.php\/wp-json\/wp\/v2\/media?parent=11143"}],"wp:term":[{"taxonomy":"category","embeddable":true,"href":"https:\/\/fdnoaxaca.net\/index.php\/wp-json\/wp\/v2\/categories?post=11143"},{"taxonomy":"post_tag","embeddable":true,"href":"https:\/\/fdnoaxaca.net\/index.php\/wp-json\/wp\/v2\/tags?post=11143"}],"curies":[{"name":"wp","href":"https:\/\/api.w.org\/{rel}","templated":true}]}}