{"id":11148,"date":"2022-10-24T15:46:40","date_gmt":"2022-10-24T20:46:40","guid":{"rendered":"https:\/\/fdnoaxaca.net\/?p=11148"},"modified":"2022-10-24T15:46:43","modified_gmt":"2022-10-24T20:46:43","slug":"acredita-teeo-violencia-politica-en-razon-de-genero-cometida-por-autoridades-de-la-reforma","status":"publish","type":"post","link":"https:\/\/fdnoaxaca.net\/index.php\/2022\/10\/24\/acredita-teeo-violencia-politica-en-razon-de-genero-cometida-por-autoridades-de-la-reforma\/","title":{"rendered":"Acredita TEEO violencia pol\u00edtica en raz\u00f3n de g\u00e9nero cometida por autoridades de La Reforma"},"content":{"rendered":"\n<p>Oaxaca de Ju\u00e1rez, Oax. 24 de octubre de 2022.- El Pleno del Tribunal Electoral del Estado de Oaxaca (TEEO) acredit\u00f3 la violencia pol\u00edtica en raz\u00f3n de g\u00e9nero cometida por el presidente municipal de La Reforma, el S\u00edndico y el Tesorero Municipal en contra de una regidora de ese ayuntamiento.<\/p>\n\n\n\n<p>En consecuencia, orden\u00f3 la incorporaci\u00f3n de estas autoridades en el registro de personas que cometieron violencia pol\u00edtica por raz\u00f3n de g\u00e9nero, por la temporalidad de nueve a\u00f1os con dos meses.<\/p>\n\n\n\n<p>En la resoluci\u00f3n del juicio para la protecci\u00f3n de los derechos pol\u00edtico electorales de la ciudadan\u00eda en el r\u00e9gimen de Sistemas Normativos Internos, identificado con la clave JDCI\/63\/2022, este \u00d3rgano Jurisdiccional expuso que los responsables no justificaron la negativa de convocarla a las sesiones de Cabildo, as\u00ed como a las sesiones de Comisi\u00f3n.<\/p>\n\n\n\n<p>Adem\u00e1s, advirti\u00f3 la violaci\u00f3n al derecho pol\u00edtico electoral de la actora, debido a la negativa de otorgarle una oficina y material administrativo para el desarrollo de sus funciones. El TEEO no recibi\u00f3 pruebas que acrediten que el presidente municipal de La Reforma haya proporcionado los insumos que reclama la regidora para el desempe\u00f1o de sus actividades.<\/p>\n\n\n\n<p>Respecto a la omisi\u00f3n de pagarle las dietas, esta sentencia la declar\u00f3 parcialmente fundado,&nbsp;ya que la responsable no comprob\u00f3 haber pagado los ejercicios fiscales 2020, 2021 y de los meses agosto, septiembre y la primera quincena de octubre de 2022.<\/p>\n\n\n\n<p>Por otro lado, el Pleno reencauz\u00f3 a la Comisi\u00f3n de Quejas y Denuncias o de lo Contencioso Electoral del Instituto Estatal Electoral y de Participaci\u00f3n Ciudadana de Oaxaca (IEEPCO), respecto a diversos se\u00f1alamientos realizados por la actora que, dice, le afectan en su esfera jur\u00eddica para que, a trav\u00e9s del procedimiento especial sancionador, se allegue de m\u00e1s informaci\u00f3n.<\/p>\n\n\n\n<p>Por estos hechos, este Tribunal vincul\u00f3 a la Secretar\u00eda de las Mujeres de Oaxaca, para que en t\u00e9rminos de sus atribuciones y en colaboraci\u00f3n con esta autoridad, otorgue a la actora la ayuda psicol\u00f3gica correspondiente; igualmente, a la Secretar\u00eda General de Gobierno del Estado de Oaxaca, para que, ante la falta de una Comisi\u00f3n Ejecutiva Estatal de Atenci\u00f3n Integral a V\u00edctimas, ingrese a la actora en el Registro Estatal de V\u00edctimas del Estado de Oaxaca.&nbsp;<\/p>\n","protected":false},"excerpt":{"rendered":"<p>Oaxaca de Ju\u00e1rez, Oax. 24 de octubre de 2022.- El Pleno del Tribunal Electoral del Estado de Oaxaca (TEEO) acredit\u00f3 la violencia pol\u00edtica en raz\u00f3n de g\u00e9nero cometida por el presidente municipal de La Reforma, el S\u00edndico y el Tesorero Municipal en contra de una regidora de ese ayuntamiento. En consecuencia, orden\u00f3 la incorporaci\u00f3n de&#8230;<\/p>\n","protected":false},"author":4,"featured_media":11149,"comment_status":"closed","ping_status":"closed","sticky":false,"template":"","format":"standard","meta":{"footnotes":""},"categories":[49],"tags":[],"class_list":["post-11148","post","type-post","status-publish","format-standard","has-post-thumbnail","hentry","category-titulares"],"_links":{"self":[{"href":"https:\/\/fdnoaxaca.net\/index.php\/wp-json\/wp\/v2\/posts\/11148","targetHints":{"allow":["GET"]}}],"collection":[{"href":"https:\/\/fdnoaxaca.net\/index.php\/wp-json\/wp\/v2\/posts"}],"about":[{"href":"https:\/\/fdnoaxaca.net\/index.php\/wp-json\/wp\/v2\/types\/post"}],"author":[{"embeddable":true,"href":"https:\/\/fdnoaxaca.net\/index.php\/wp-json\/wp\/v2\/users\/4"}],"replies":[{"embeddable":true,"href":"https:\/\/fdnoaxaca.net\/index.php\/wp-json\/wp\/v2\/comments?post=11148"}],"version-history":[{"count":1,"href":"https:\/\/fdnoaxaca.net\/index.php\/wp-json\/wp\/v2\/posts\/11148\/revisions"}],"predecessor-version":[{"id":11150,"href":"https:\/\/fdnoaxaca.net\/index.php\/wp-json\/wp\/v2\/posts\/11148\/revisions\/11150"}],"wp:featuredmedia":[{"embeddable":true,"href":"https:\/\/fdnoaxaca.net\/index.php\/wp-json\/wp\/v2\/media\/11149"}],"wp:attachment":[{"href":"https:\/\/fdnoaxaca.net\/index.php\/wp-json\/wp\/v2\/media?parent=11148"}],"wp:term":[{"taxonomy":"category","embeddable":true,"href":"https:\/\/fdnoaxaca.net\/index.php\/wp-json\/wp\/v2\/categories?post=11148"},{"taxonomy":"post_tag","embeddable":true,"href":"https:\/\/fdnoaxaca.net\/index.php\/wp-json\/wp\/v2\/tags?post=11148"}],"curies":[{"name":"wp","href":"https:\/\/api.w.org\/{rel}","templated":true}]}}