{"id":11154,"date":"2022-10-26T10:04:18","date_gmt":"2022-10-26T15:04:18","guid":{"rendered":"https:\/\/fdnoaxaca.net\/?p=11154"},"modified":"2022-10-26T10:04:21","modified_gmt":"2022-10-26T15:04:21","slug":"por-primera-vez-en-2024-se-elegira-a-un-migrante-oaxaqueno-como-diputado-local","status":"publish","type":"post","link":"https:\/\/fdnoaxaca.net\/index.php\/2022\/10\/26\/por-primera-vez-en-2024-se-elegira-a-un-migrante-oaxaqueno-como-diputado-local\/","title":{"rendered":"Por primera vez, en 2024 se elegir\u00e1 a un migrante oaxaque\u00f1o como diputado local"},"content":{"rendered":"\n<p>San Raymundo Jalpan, Oax. 26 de octubre de 2022.-&nbsp;Para asegurar el respeto a sus derechos humanos y participaci\u00f3n ciudadana, el Pleno de la 65 Legislatura local legisl\u00f3 en favor de las personas migrantes durante su primer a\u00f1o de ejercicio legal.<\/p>\n\n\n\n<p>Entre los ocho puntos de acuerdo aprobados en ambos periodos ordinarios, est\u00e1 el llamado al Instituto Estatal Electoral y de Participaci\u00f3n Ciudadana de Oaxaca (IEEPCO) para fomentar en los oaxaque\u00f1os que radican en el extranjero la participaci\u00f3n en la vida pol\u00edtica del estado, a trav\u00e9s de la figura de diputado migrante o binacional, por medio del cual se busca integrarlos a la C\u00e1mara de Diputados para darles voz en el Congreso local.<\/p>\n\n\n\n<p>Ser\u00e1 en la elecci\u00f3n de 2024, donde por primera vez se elegir\u00e1 a un migrante como diputado local, de acuerdo con el transitorio tercero del decreto n\u00famero 2708, aprobado por la 64 Legislatura el 15 de septiembre de 2021 y publicado en el Peri\u00f3dico Oficial del Gobierno de Oaxaca el 23 de octubre del a\u00f1o pasado.<\/p>\n\n\n\n<p>Por otra parte, para garantizar el acceso a la salud y a la seguridad social de jornaleros agr\u00edcolas que trabajan en campos del estado de Sinaloa, se exhort\u00f3 al Poder Ejecutivo de Oaxaca para que, a trav\u00e9s de la Secretar\u00eda General de Gobierno, trabaje en conjunto con el gobierno de ese estado del pa\u00eds, para que se garanticen estos derechos a los oaxaque\u00f1os que laboran ah\u00ed de manera temporal o permanente.<\/p>\n\n\n\n<p>Se solicit\u00f3 tambi\u00e9n a la Secretar\u00eda de Relaciones Exteriores del Gobierno Federal en Oaxaca para que, a trav\u00e9s de la embajada y consulados, los migrantes oaxaque\u00f1os que sean detenidos en la frontera con Estados Unidos, cuenten con asesor\u00eda jur\u00eddica y se respeten sus derechos humanos, adem\u00e1s de implementar mecanismos de pronta repatriaci\u00f3n, para prevenir cualquier tipo de maltrato.<\/p>\n\n\n\n<p>En el caso de los inmigrantes que lleguen a territorio oaxaque\u00f1o, se pidi\u00f3 al Gobernador de Oaxaca, para que en conjunto con el Instituto Oaxaque\u00f1o de Atenci\u00f3n al Migrante (IOAM), implementen estrategias para garantizar su tr\u00e1nsito seguro, ordenado y regulado por el estado.<\/p>\n\n\n\n<p>Asimismo, exhort\u00f3 al fiscal General de la Rep\u00fablica, Alejandro Gertz Manero, y al IOAM a investigar el caso de los 53 migrantes, cuatro de ellos oaxaque\u00f1os, que murieron al ser abandonados en la caja de un tr\u00e1iler en San Antonio, Texas, Estados Unidos, el 27 de junio de este a\u00f1o.<\/p>\n\n\n\n<p>De igual manera, solicit\u00f3 al Fiscal de Oaxaca iniciar con las investigaciones necesarias en conjunto con las autoridades de Estados Unidos de Norteam\u00e9rica, por la muerte de tres oaxaque\u00f1os en Phoenix, Arizona, en febrero de este a\u00f1o.<\/p>\n\n\n\n<p>En tanto, se encuentra en an\u00e1lisis en comisiones la iniciativa \u201cDefensor del Migrante\u201d, la cual plantea defender jur\u00eddicamente a las personas migrantes que transitan por Oaxaca y que por alg\u00fan motivo son detenidas.<\/p>\n","protected":false},"excerpt":{"rendered":"<p>San Raymundo Jalpan, Oax. 26 de octubre de 2022.-&nbsp;Para asegurar el respeto a sus derechos humanos y participaci\u00f3n ciudadana, el Pleno de la 65 Legislatura local legisl\u00f3 en favor de las personas migrantes durante su primer a\u00f1o de ejercicio legal. Entre los ocho puntos de acuerdo aprobados en ambos periodos ordinarios, est\u00e1 el llamado al&#8230;<\/p>\n","protected":false},"author":4,"featured_media":11155,"comment_status":"closed","ping_status":"closed","sticky":false,"template":"","format":"standard","meta":{"footnotes":""},"categories":[4],"tags":[],"class_list":["post-11154","post","type-post","status-publish","format-standard","has-post-thumbnail","hentry","category-general"],"_links":{"self":[{"href":"https:\/\/fdnoaxaca.net\/index.php\/wp-json\/wp\/v2\/posts\/11154","targetHints":{"allow":["GET"]}}],"collection":[{"href":"https:\/\/fdnoaxaca.net\/index.php\/wp-json\/wp\/v2\/posts"}],"about":[{"href":"https:\/\/fdnoaxaca.net\/index.php\/wp-json\/wp\/v2\/types\/post"}],"author":[{"embeddable":true,"href":"https:\/\/fdnoaxaca.net\/index.php\/wp-json\/wp\/v2\/users\/4"}],"replies":[{"embeddable":true,"href":"https:\/\/fdnoaxaca.net\/index.php\/wp-json\/wp\/v2\/comments?post=11154"}],"version-history":[{"count":1,"href":"https:\/\/fdnoaxaca.net\/index.php\/wp-json\/wp\/v2\/posts\/11154\/revisions"}],"predecessor-version":[{"id":11156,"href":"https:\/\/fdnoaxaca.net\/index.php\/wp-json\/wp\/v2\/posts\/11154\/revisions\/11156"}],"wp:featuredmedia":[{"embeddable":true,"href":"https:\/\/fdnoaxaca.net\/index.php\/wp-json\/wp\/v2\/media\/11155"}],"wp:attachment":[{"href":"https:\/\/fdnoaxaca.net\/index.php\/wp-json\/wp\/v2\/media?parent=11154"}],"wp:term":[{"taxonomy":"category","embeddable":true,"href":"https:\/\/fdnoaxaca.net\/index.php\/wp-json\/wp\/v2\/categories?post=11154"},{"taxonomy":"post_tag","embeddable":true,"href":"https:\/\/fdnoaxaca.net\/index.php\/wp-json\/wp\/v2\/tags?post=11154"}],"curies":[{"name":"wp","href":"https:\/\/api.w.org\/{rel}","templated":true}]}}