{"id":11181,"date":"2022-11-07T18:33:08","date_gmt":"2022-11-07T23:33:08","guid":{"rendered":"https:\/\/fdnoaxaca.net\/?p=11181"},"modified":"2022-11-07T18:33:10","modified_gmt":"2022-11-07T23:33:10","slug":"asume-diputado-luis-alfonso-silva-romo-la-presidencia-de-la-jucopo","status":"publish","type":"post","link":"https:\/\/fdnoaxaca.net\/index.php\/2022\/11\/07\/asume-diputado-luis-alfonso-silva-romo-la-presidencia-de-la-jucopo\/","title":{"rendered":"Asume diputado Luis Alfonso Silva Romo la Presidencia de la Jucopo"},"content":{"rendered":"\n<p>*El legislador morenista rindi\u00f3 este lunes la protesta de ley al ser designado presidente de la Junta de Coordinaci\u00f3n Pol\u00edtica de la 65 Legislatura local.<\/p>\n\n\n\n<p>San Raymundo Jalpan, Oax. 7 de noviembre de 2022.-&nbsp;El diputado del grupo parlamentario de Morena, Luis Alfonso Silva Romo, asumi\u00f3 este lunes la Presidencia de la Junta de Coordinaci\u00f3n Pol\u00edtica (Jucopo) del Congreso de Oaxaca.<\/p>\n\n\n\n<p>Ante la Mesa Directiva que encabeza la diputada, Mariana Ben\u00edtez Tiburcio, el legislador rindi\u00f3 la protesta de ley correspondiente a su cargo.<\/p>\n\n\n\n<p>Lo anterior, luego de que el Pleno de la 65 Legislatura local autoriz\u00f3 con 34 votos la licencia solicitada a la diputada, Laura Estrada Mauro, quien fungi\u00f3 desde el 13 de noviembre de 2021 hasta este 7 de noviembre de 2022 como coordinadora del grupo parlamentario de Morena y presidenta de la Jucopo.<\/p>\n\n\n\n<p>&#8220;Culmino este a\u00f1o con la satisfacci\u00f3n de haber cumplido, de haber realizado un trabajo sin precedentes de un gran legado que esta legislatura dejar\u00e1 a los oaxaque\u00f1os. Sigamos construyendo y trabajando por un mejor Oaxaca&#8221;, expres\u00f3 la legisladora al agradecer a los congresistas su respaldo.<\/p>\n\n\n\n<p>Este lunes, el Pleno de la 65 Legislatura sesion\u00f3 de manera extraordinaria para resolver diversos asuntos, entre los cuales, acord\u00f3 tambi\u00e9n una sesi\u00f3n para conmemorar el centenario de la muerte del oaxaque\u00f1o Ricardo Flores Mag\u00f3n, programada para el 21 de noviembre de este a\u00f1o a las 11:00 horas.<\/p>\n","protected":false},"excerpt":{"rendered":"<p>*El legislador morenista rindi\u00f3 este lunes la protesta de ley al ser designado presidente de la Junta de Coordinaci\u00f3n Pol\u00edtica de la 65 Legislatura local. San Raymundo Jalpan, Oax. 7 de noviembre de 2022.-&nbsp;El diputado del grupo parlamentario de Morena, Luis Alfonso Silva Romo, asumi\u00f3 este lunes la Presidencia de la Junta de Coordinaci\u00f3n Pol\u00edtica&#8230;<\/p>\n","protected":false},"author":4,"featured_media":11183,"comment_status":"closed","ping_status":"closed","sticky":false,"template":"","format":"standard","meta":{"footnotes":""},"categories":[49],"tags":[],"class_list":["post-11181","post","type-post","status-publish","format-standard","has-post-thumbnail","hentry","category-titulares"],"_links":{"self":[{"href":"https:\/\/fdnoaxaca.net\/index.php\/wp-json\/wp\/v2\/posts\/11181","targetHints":{"allow":["GET"]}}],"collection":[{"href":"https:\/\/fdnoaxaca.net\/index.php\/wp-json\/wp\/v2\/posts"}],"about":[{"href":"https:\/\/fdnoaxaca.net\/index.php\/wp-json\/wp\/v2\/types\/post"}],"author":[{"embeddable":true,"href":"https:\/\/fdnoaxaca.net\/index.php\/wp-json\/wp\/v2\/users\/4"}],"replies":[{"embeddable":true,"href":"https:\/\/fdnoaxaca.net\/index.php\/wp-json\/wp\/v2\/comments?post=11181"}],"version-history":[{"count":1,"href":"https:\/\/fdnoaxaca.net\/index.php\/wp-json\/wp\/v2\/posts\/11181\/revisions"}],"predecessor-version":[{"id":11184,"href":"https:\/\/fdnoaxaca.net\/index.php\/wp-json\/wp\/v2\/posts\/11181\/revisions\/11184"}],"wp:featuredmedia":[{"embeddable":true,"href":"https:\/\/fdnoaxaca.net\/index.php\/wp-json\/wp\/v2\/media\/11183"}],"wp:attachment":[{"href":"https:\/\/fdnoaxaca.net\/index.php\/wp-json\/wp\/v2\/media?parent=11181"}],"wp:term":[{"taxonomy":"category","embeddable":true,"href":"https:\/\/fdnoaxaca.net\/index.php\/wp-json\/wp\/v2\/categories?post=11181"},{"taxonomy":"post_tag","embeddable":true,"href":"https:\/\/fdnoaxaca.net\/index.php\/wp-json\/wp\/v2\/tags?post=11181"}],"curies":[{"name":"wp","href":"https:\/\/api.w.org\/{rel}","templated":true}]}}