{"id":11231,"date":"2022-11-11T13:42:16","date_gmt":"2022-11-11T18:42:16","guid":{"rendered":"https:\/\/fdnoaxaca.net\/?p=11231"},"modified":"2022-11-11T13:42:19","modified_gmt":"2022-11-11T18:42:19","slug":"aprueba-ieepco-continuidad-en-integracion-de-comisiones","status":"publish","type":"post","link":"https:\/\/fdnoaxaca.net\/index.php\/2022\/11\/11\/aprueba-ieepco-continuidad-en-integracion-de-comisiones\/","title":{"rendered":"Aprueba IEEPCO continuidad en integraci\u00f3n de comisiones"},"content":{"rendered":"\n<p>Oaxaca de Ju\u00e1rez, Oax. 10 de noviembre de 2022.- El Consejo General del Instituto Estatal Electoral y de Participaci\u00f3n Ciudadana de Oaxaca (IEEPCO) aprob\u00f3 -por unanimidad de votos- la continuidad en la integraci\u00f3n de las Comisiones Permanentes y Temporales del Consejo General validadas en 2021.  <\/p>\n\n\n\n<p>Lo anterior, hasta que los consejeros, en pleno, hagan la correspondiente designaci\u00f3n sin que \u00e9sta exceda del 23 de noviembre de 2022.  <\/p>\n\n\n\n<p>Y es que, con motivo de la renovaci\u00f3n de las autoridades en 415 municipios que se rigen por Sistemas Normativos Ind\u00edgenas, se ha generado una carga adicional de labores al interior del \u00f3rgano electoral, por lo que se estima oportuno, e indispensable continuar el seguimiento a las actividades desarrolladas por las \u00e1reas ejecutivas y t\u00e9cnicas del Instituto.  <\/p>\n\n\n\n<p>Con lo anterior, las comisiones de Educaci\u00f3n C\u00edvica y de Participaci\u00f3n Ciudadana, as\u00ed como la de Quejas y Denuncias o Procedimiento Contencioso Electoral, siguen encabezadas por la consejera electoral, Carmelita Sibaja Ochoa; la de Prerrogativas, Partidos Pol\u00edticos y Candidatos Independientes, as\u00ed como la de Reglamentos, por el consejero electoral, Wilfrido Lulio Almaraz Santib\u00e1\u00f1ez.  <\/p>\n\n\n\n<p>Mientras que la Comisi\u00f3n de Organizaci\u00f3n y Capacitaci\u00f3n Electoral y Vinculaci\u00f3n con el INE est\u00e1 presidida por la consejera electoral, Nayma Enr\u00edquez Estrada; la de Sistemas Normativos Ind\u00edgenas y la de Modernizaci\u00f3n Institucional, por la consejera electoral, Zaira Alhel\u00ed Hip\u00f3lito L\u00f3pez.  <\/p>\n\n\n\n<p>La Comisi\u00f3n de Igualdad de G\u00e9nero y no Discriminaci\u00f3n, as\u00ed como las de Transparencia y Seguimiento al Servicio Profesional Electoral Nacional (SPEN) est\u00e1n encabezadas por la consejera electoral, Jessica Jazibe Hern\u00e1ndez Garc\u00eda; y las de Administraci\u00f3n y Comunicaci\u00f3n por el consejero electoral, Alejandro Carrasco Sampedro.  <\/p>\n\n\n\n<p>La sesi\u00f3n extraordinaria urgente estuvo encabezada por la consejera presidenta, Elizabeth S\u00e1nchez Gonz\u00e1lez; las consejeras electorales Carmelita Sibaja Ochoa, Jessica Jazibe Hern\u00e1ndez Garc\u00eda, Nayma Enr\u00edquez Estrada y Zaira Alhel\u00ed Hip\u00f3lito L\u00f3pez; los consejeros electorales Alejandro Carrasco Sampedro y Wilfrido Lulio Almaraz Santib\u00e1\u00f1ez; as\u00ed como las representaciones de los partidos pol\u00edticos.<\/p>\n","protected":false},"excerpt":{"rendered":"<p>Oaxaca de Ju\u00e1rez, Oax. 10 de noviembre de 2022.- El Consejo General del Instituto Estatal Electoral y de Participaci\u00f3n Ciudadana de Oaxaca (IEEPCO) aprob\u00f3 -por unanimidad de votos- la continuidad en la integraci\u00f3n de las Comisiones Permanentes y Temporales del Consejo General validadas en 2021. Lo anterior, hasta que los consejeros, en pleno, hagan la&#8230;<\/p>\n","protected":false},"author":4,"featured_media":11232,"comment_status":"closed","ping_status":"closed","sticky":false,"template":"","format":"standard","meta":{"footnotes":""},"categories":[4],"tags":[],"class_list":["post-11231","post","type-post","status-publish","format-standard","has-post-thumbnail","hentry","category-general"],"_links":{"self":[{"href":"https:\/\/fdnoaxaca.net\/index.php\/wp-json\/wp\/v2\/posts\/11231","targetHints":{"allow":["GET"]}}],"collection":[{"href":"https:\/\/fdnoaxaca.net\/index.php\/wp-json\/wp\/v2\/posts"}],"about":[{"href":"https:\/\/fdnoaxaca.net\/index.php\/wp-json\/wp\/v2\/types\/post"}],"author":[{"embeddable":true,"href":"https:\/\/fdnoaxaca.net\/index.php\/wp-json\/wp\/v2\/users\/4"}],"replies":[{"embeddable":true,"href":"https:\/\/fdnoaxaca.net\/index.php\/wp-json\/wp\/v2\/comments?post=11231"}],"version-history":[{"count":1,"href":"https:\/\/fdnoaxaca.net\/index.php\/wp-json\/wp\/v2\/posts\/11231\/revisions"}],"predecessor-version":[{"id":11233,"href":"https:\/\/fdnoaxaca.net\/index.php\/wp-json\/wp\/v2\/posts\/11231\/revisions\/11233"}],"wp:featuredmedia":[{"embeddable":true,"href":"https:\/\/fdnoaxaca.net\/index.php\/wp-json\/wp\/v2\/media\/11232"}],"wp:attachment":[{"href":"https:\/\/fdnoaxaca.net\/index.php\/wp-json\/wp\/v2\/media?parent=11231"}],"wp:term":[{"taxonomy":"category","embeddable":true,"href":"https:\/\/fdnoaxaca.net\/index.php\/wp-json\/wp\/v2\/categories?post=11231"},{"taxonomy":"post_tag","embeddable":true,"href":"https:\/\/fdnoaxaca.net\/index.php\/wp-json\/wp\/v2\/tags?post=11231"}],"curies":[{"name":"wp","href":"https:\/\/api.w.org\/{rel}","templated":true}]}}