{"id":11239,"date":"2022-11-13T18:21:50","date_gmt":"2022-11-13T23:21:50","guid":{"rendered":"https:\/\/fdnoaxaca.net\/?p=11239"},"modified":"2022-11-13T18:21:54","modified_gmt":"2022-11-13T23:21:54","slug":"anuncia-gobernador-electo-de-oaxaca-segunda-parte-de-su-gabinete","status":"publish","type":"post","link":"https:\/\/fdnoaxaca.net\/index.php\/2022\/11\/13\/anuncia-gobernador-electo-de-oaxaca-segunda-parte-de-su-gabinete\/","title":{"rendered":"Anuncia Gobernador electo de Oaxaca segunda parte de su gabinete"},"content":{"rendered":"\n<p>Santa Luc\u00eda del Camino, Oax. 13 de noviembre de 2022.-&nbsp;Previo a la presentaci\u00f3n de los dem\u00e1s integrantes del gabinete del pr\u00f3ximo Gobierno de Oaxaca, el gobernador electo, Salom\u00f3n Jara Cruz, reiter\u00f3 su respaldo a la iniciativa de reforma electoral propuesta por el presidente Andr\u00e9s Manuel L\u00f3pez Obrador.<\/p>\n\n\n\n<p>&#8220;Nosotros apoyamos la reforma democr\u00e1tica propuesta por nuestro Presidente y vamos a impulsar la transformaci\u00f3n de las instituciones electorales para arribar a una democracia menos costosa y m\u00e1s ciudadana&#8221;, declar\u00f3.<\/p>\n\n\n\n<p>Explic\u00f3 que esta reforma electoral ser\u00e1 necesaria en el pa\u00eds debido a que el &#8220;Instituto Nacional Electoral (INE) desde hace mucho tiempo se alej\u00f3 de la ciudadan\u00eda y se convirti\u00f3 en una instituci\u00f3n sumamente costosa y cooptada por el PRI y el PAN&#8221;.<\/p>\n\n\n\n<p>Asimismo, desde el Centro Cultural y de Convenciones de Oaxaca (CCCO) anunci\u00f3 la segunda parte de los titulares de las dem\u00e1s dependencias del Gobierno del Estado que estar\u00e1n a cargo durante el per\u00edodo 2022-2028 para consolidar la Cuarta Transformaci\u00f3n en la entidad.<\/p>\n\n\n\n<p>En la Secretar\u00eda y Servicios de Salud estar\u00e1 al frente Alma Lilia Velasco Hern\u00e1ndez; en la nueva Secretar\u00eda de Infraestructuras, Comunicaciones y Ordenamiento Territorial, Nezahualc\u00f3yotl Salvatierra L\u00f3pez; en la Secretar\u00eda de Movilidad, Claudina de Gyves Mendoza.<\/p>\n\n\n\n<p>En la Secretar\u00eda de Medio Ambiente, Biodiversidad, Energ\u00edas y Sostenibilidad, Karime Unda Harp; en la Secretar\u00eda de Honestidad, Transparencia y Funci\u00f3n P\u00fablica, Leticia Reyes L\u00f3pez.<\/p>\n\n\n\n<p>En la Secretar\u00eda de Interculturalidad, Pueblos Ind\u00edgenas y Afromexicano, Bertha Ruth Arreola Ruiz.<\/p>\n\n\n\n<p>En la Secretar\u00eda de Seguridad y Protecci\u00f3n Ciudadana, el capit\u00e1n Iv\u00e1n Garc\u00eda \u00c1lvarez; en la Secretar\u00eda Ejecutiva del Sistema Estatal de Seguridad P\u00fablica, Karina Bar\u00f3n Ortiz.<\/p>\n\n\n\n<p>En el Instituto de Planeaci\u00f3n para el Bienestar, Juanita Cruz Cruz; en la Coordinaci\u00f3n General de Comunicaci\u00f3n Social, William Bautista L\u00f3pez; en la Corporaci\u00f3n Oaxaque\u00f1a de Radio y Televisi\u00f3n (Cortv), Daniel Hern\u00e1ndez Ju\u00e1rez.<\/p>\n\n\n\n<p>Estos nuevos funcionarios son los que integrar\u00e1n el gabinete del pr\u00f3ximo Gobierno de Oaxaca que entrar\u00e1 en funciones a partir del 1 de diciembre de este a\u00f1o, y quienes tendr\u00e1n la responsabilidad de gobernar con y para el pueblo, reiter\u00f3 el Gobernador electo.<\/p>\n","protected":false},"excerpt":{"rendered":"<p>Santa Luc\u00eda del Camino, Oax. 13 de noviembre de 2022.-&nbsp;Previo a la presentaci\u00f3n de los dem\u00e1s integrantes del gabinete del pr\u00f3ximo Gobierno de Oaxaca, el gobernador electo, Salom\u00f3n Jara Cruz, reiter\u00f3 su respaldo a la iniciativa de reforma electoral propuesta por el presidente Andr\u00e9s Manuel L\u00f3pez Obrador. &#8220;Nosotros apoyamos la reforma democr\u00e1tica propuesta por nuestro&#8230;<\/p>\n","protected":false},"author":4,"featured_media":11240,"comment_status":"closed","ping_status":"closed","sticky":false,"template":"","format":"standard","meta":{"footnotes":""},"categories":[49],"tags":[],"class_list":["post-11239","post","type-post","status-publish","format-standard","has-post-thumbnail","hentry","category-titulares"],"_links":{"self":[{"href":"https:\/\/fdnoaxaca.net\/index.php\/wp-json\/wp\/v2\/posts\/11239","targetHints":{"allow":["GET"]}}],"collection":[{"href":"https:\/\/fdnoaxaca.net\/index.php\/wp-json\/wp\/v2\/posts"}],"about":[{"href":"https:\/\/fdnoaxaca.net\/index.php\/wp-json\/wp\/v2\/types\/post"}],"author":[{"embeddable":true,"href":"https:\/\/fdnoaxaca.net\/index.php\/wp-json\/wp\/v2\/users\/4"}],"replies":[{"embeddable":true,"href":"https:\/\/fdnoaxaca.net\/index.php\/wp-json\/wp\/v2\/comments?post=11239"}],"version-history":[{"count":1,"href":"https:\/\/fdnoaxaca.net\/index.php\/wp-json\/wp\/v2\/posts\/11239\/revisions"}],"predecessor-version":[{"id":11241,"href":"https:\/\/fdnoaxaca.net\/index.php\/wp-json\/wp\/v2\/posts\/11239\/revisions\/11241"}],"wp:featuredmedia":[{"embeddable":true,"href":"https:\/\/fdnoaxaca.net\/index.php\/wp-json\/wp\/v2\/media\/11240"}],"wp:attachment":[{"href":"https:\/\/fdnoaxaca.net\/index.php\/wp-json\/wp\/v2\/media?parent=11239"}],"wp:term":[{"taxonomy":"category","embeddable":true,"href":"https:\/\/fdnoaxaca.net\/index.php\/wp-json\/wp\/v2\/categories?post=11239"},{"taxonomy":"post_tag","embeddable":true,"href":"https:\/\/fdnoaxaca.net\/index.php\/wp-json\/wp\/v2\/tags?post=11239"}],"curies":[{"name":"wp","href":"https:\/\/api.w.org\/{rel}","templated":true}]}}