{"id":11243,"date":"2022-11-14T13:17:54","date_gmt":"2022-11-14T18:17:54","guid":{"rendered":"https:\/\/fdnoaxaca.net\/?p=11243"},"modified":"2022-11-14T13:17:56","modified_gmt":"2022-11-14T18:17:56","slug":"eligen-a-integrantes-de-la-mesa-directiva-del-congreso-de-oaxaca","status":"publish","type":"post","link":"https:\/\/fdnoaxaca.net\/index.php\/2022\/11\/14\/eligen-a-integrantes-de-la-mesa-directiva-del-congreso-de-oaxaca\/","title":{"rendered":"Eligen a integrantes de la Mesa Directiva del Congreso de Oaxaca"},"content":{"rendered":"\n<p>*Por segundo a\u00f1o consecutivo, este \u00f3rgano legislativo est\u00e1 integrado solo por mujeres diputadas. <\/p>\n\n\n\n<p>San Raymundo Jalpan, Oax. 14 de noviembre de 2022.- Diputados del Congreso de Oaxaca eligieron a las integrantes de la Mesa Directiva para el segundo a\u00f1o de ejercicio constitucional de la 65 Legislatura local. <\/p>\n\n\n\n<p>Durante la sesi\u00f3n del tercer periodo extraordinario, en votaci\u00f3n nominal, el Pleno eligi\u00f3 con 34 votos a la diputada Miriam de los \u00c1ngeles V\u00e1zquez Ruiz como presidenta y a la legisladora Nancy Natalia Ben\u00edtez Z\u00e1rate como vicepresidenta.<\/p>\n\n\n\n<p>Asimismo, fueron electas las diputadas Dennis Garc\u00eda Guti\u00e9rrez, Mar\u00eda Luisa Matus Fuentes y Eva Diego Cruz como secretarias.<\/p>\n\n\n\n<p>De igual manera, luego de la solicitud de licencia de la exdiputada, Laura Estrada Mauro, rindi\u00f3 protesta como legisladora su suplente, Liz Hern\u00e1ndez Matus.<\/p>\n\n\n\n<figure class=\"wp-block-image\"><img loading=\"lazy\" decoding=\"async\" width=\"1024\" height=\"656\" src=\"https:\/\/fdnoaxaca.net\/wp-content\/uploads\/2022\/11\/FOTO2_Eligen-nueva-Mesa-Directiva-del-Congreso-de-Oaxaca-1024x656.jpg\" alt=\"\" class=\"wp-image-11245\" srcset=\"https:\/\/fdnoaxaca.net\/wp-content\/uploads\/2022\/11\/FOTO2_Eligen-nueva-Mesa-Directiva-del-Congreso-de-Oaxaca-1024x656.jpg 1024w, https:\/\/fdnoaxaca.net\/wp-content\/uploads\/2022\/11\/FOTO2_Eligen-nueva-Mesa-Directiva-del-Congreso-de-Oaxaca-300x192.jpg 300w, https:\/\/fdnoaxaca.net\/wp-content\/uploads\/2022\/11\/FOTO2_Eligen-nueva-Mesa-Directiva-del-Congreso-de-Oaxaca-768x492.jpg 768w, https:\/\/fdnoaxaca.net\/wp-content\/uploads\/2022\/11\/FOTO2_Eligen-nueva-Mesa-Directiva-del-Congreso-de-Oaxaca.jpg 2045w\" sizes=\"auto, (max-width: 1024px) 100vw, 1024px\" \/><\/figure>\n\n\n\n<p>La Mesa Directiva saliente tom\u00f3 protesta a este \u00f3rgano legislativo que entrar\u00e1 en funciones el pr\u00f3ximo 15 de noviembre de 2022 y que por segundo a\u00f1o consecutivo est\u00e1 integrado solo por mujeres.<\/p>\n","protected":false},"excerpt":{"rendered":"<p>*Por segundo a\u00f1o consecutivo, este \u00f3rgano legislativo est\u00e1 integrado solo por mujeres diputadas. San Raymundo Jalpan, Oax. 14 de noviembre de 2022.- Diputados del Congreso de Oaxaca eligieron a las integrantes de la Mesa Directiva para el segundo a\u00f1o de ejercicio constitucional de la 65 Legislatura local. Durante la sesi\u00f3n del tercer periodo extraordinario, en&#8230;<\/p>\n","protected":false},"author":4,"featured_media":11244,"comment_status":"closed","ping_status":"closed","sticky":false,"template":"","format":"standard","meta":{"footnotes":""},"categories":[49],"tags":[],"class_list":["post-11243","post","type-post","status-publish","format-standard","has-post-thumbnail","hentry","category-titulares"],"_links":{"self":[{"href":"https:\/\/fdnoaxaca.net\/index.php\/wp-json\/wp\/v2\/posts\/11243","targetHints":{"allow":["GET"]}}],"collection":[{"href":"https:\/\/fdnoaxaca.net\/index.php\/wp-json\/wp\/v2\/posts"}],"about":[{"href":"https:\/\/fdnoaxaca.net\/index.php\/wp-json\/wp\/v2\/types\/post"}],"author":[{"embeddable":true,"href":"https:\/\/fdnoaxaca.net\/index.php\/wp-json\/wp\/v2\/users\/4"}],"replies":[{"embeddable":true,"href":"https:\/\/fdnoaxaca.net\/index.php\/wp-json\/wp\/v2\/comments?post=11243"}],"version-history":[{"count":1,"href":"https:\/\/fdnoaxaca.net\/index.php\/wp-json\/wp\/v2\/posts\/11243\/revisions"}],"predecessor-version":[{"id":11246,"href":"https:\/\/fdnoaxaca.net\/index.php\/wp-json\/wp\/v2\/posts\/11243\/revisions\/11246"}],"wp:featuredmedia":[{"embeddable":true,"href":"https:\/\/fdnoaxaca.net\/index.php\/wp-json\/wp\/v2\/media\/11244"}],"wp:attachment":[{"href":"https:\/\/fdnoaxaca.net\/index.php\/wp-json\/wp\/v2\/media?parent=11243"}],"wp:term":[{"taxonomy":"category","embeddable":true,"href":"https:\/\/fdnoaxaca.net\/index.php\/wp-json\/wp\/v2\/categories?post=11243"},{"taxonomy":"post_tag","embeddable":true,"href":"https:\/\/fdnoaxaca.net\/index.php\/wp-json\/wp\/v2\/tags?post=11243"}],"curies":[{"name":"wp","href":"https:\/\/api.w.org\/{rel}","templated":true}]}}