{"id":11253,"date":"2022-11-17T17:04:23","date_gmt":"2022-11-17T22:04:23","guid":{"rendered":"https:\/\/fdnoaxaca.net\/?p=11253"},"modified":"2022-11-17T17:04:26","modified_gmt":"2022-11-17T22:04:26","slug":"salud-y-medio-ambiente-estaran-en-manos-de-mujeres-con-experiencia-y-capacidad","status":"publish","type":"post","link":"https:\/\/fdnoaxaca.net\/index.php\/2022\/11\/17\/salud-y-medio-ambiente-estaran-en-manos-de-mujeres-con-experiencia-y-capacidad\/","title":{"rendered":"Salud y medio ambiente estar\u00e1n en manos de mujeres con experiencia y capacidad"},"content":{"rendered":"\n<p>\u00b7&nbsp;&nbsp;&nbsp;&nbsp;&nbsp;&nbsp;&nbsp;&nbsp;&nbsp;<em>Dos mujeres de experiencia y capacidad comprobada ser\u00e1n las titulares de la Secretar\u00eda de Salud y Servicios de Salud, y de la Secretar\u00eda de Medio Ambiente, Biodiversidad, Energ\u00edas y Sostenibilidad durante la administraci\u00f3n del gobernador electo, Salom\u00f3n Jara Cruz.<\/em><\/p>\n\n\n\n<p><strong>Oaxaca de Ju\u00e1rez, Oax. 17 de noviembre de 2022.-<\/strong>&nbsp;La salud de los oaxaque\u00f1os y el cuidado del medio ambiente en la entidad estar\u00e1n en manos de mujeres expertas en su ramo durante la administraci\u00f3n del gobernador electo, Salom\u00f3n Jara Cruz.<\/p>\n\n\n\n<p>Alma Lilia Velasco Hern\u00e1ndez ser\u00e1 la titular de la Secretar\u00eda de Salud y Servicios de Salud; y Karime Unda Harp, la responsable de la Secretar\u00eda de Medio Ambiente, Biodiversidad, Energ\u00edas y Sostenibilidad. Mujeres de experiencia y capacidad comprobada.<\/p>\n\n\n\n<p>Alma Lilia Velasco Hern\u00e1ndez es m\u00e9dico cirujano, egresada de la Facultad de Medicina de la Universidad Aut\u00f3noma Benito Ju\u00e1rez de Oaxaca (UABJO) y maestra en planeaci\u00f3n y administraci\u00f3n de servicios de salud. Cuenta con m\u00e1s de 23 a\u00f1os de experiencia en el sector.<\/p>\n\n\n\n<figure class=\"wp-block-image\"><img loading=\"lazy\" decoding=\"async\" width=\"1024\" height=\"682\" src=\"https:\/\/fdnoaxaca.net\/wp-content\/uploads\/2022\/11\/1668722236058_FOTO-1-1024x682.jpeg\" alt=\"\" class=\"wp-image-11254\" srcset=\"https:\/\/fdnoaxaca.net\/wp-content\/uploads\/2022\/11\/1668722236058_FOTO-1.jpeg 1024w, https:\/\/fdnoaxaca.net\/wp-content\/uploads\/2022\/11\/1668722236058_FOTO-1-300x200.jpeg 300w, https:\/\/fdnoaxaca.net\/wp-content\/uploads\/2022\/11\/1668722236058_FOTO-1-768x512.jpeg 768w, https:\/\/fdnoaxaca.net\/wp-content\/uploads\/2022\/11\/1668722236058_FOTO-1-600x400.jpeg 600w, https:\/\/fdnoaxaca.net\/wp-content\/uploads\/2022\/11\/1668722236058_FOTO-1-272x182.jpeg 272w\" sizes=\"auto, (max-width: 1024px) 100vw, 1024px\" \/><\/figure>\n\n\n\n<p>\u201cFormar parte de la Cuarta Transformaci\u00f3n representa una gran oportunidad y es un reto enorme trabajar para brindar atenci\u00f3n en salud para quien m\u00e1s lo necesita. Todas las personas merecen por derecho un servicio humano y de calidad\u201d, declar\u00f3 Velasco Hern\u00e1ndez.<\/p>\n\n\n\n<p>Fue coordinadora de la jurisdicci\u00f3n sanitaria de la Mixteca. Labor\u00f3 por m\u00e1s de 15 a\u00f1os como m\u00e9dico operativo en municipios de alta y muy alta marginaci\u00f3n y durante siete a\u00f1os en el \u00e1rea administrativa. Lo que permiti\u00f3 conocer las necesidades de salud para los oaxaque\u00f1os.<\/p>\n\n\n\n<p>Mientras que, Karime Unda Harp, quien fungir\u00e1 como titular de la Secretar\u00eda de Medio Ambiente, Biodiversidad, Energ\u00edas y Sostenibilidad, es originaria de la ciudad de Oaxaca.<\/p>\n\n\n\n<p>Es ingeniera ec\u00f3loga, egresada de la Universidad Popular Aut\u00f3noma del Estado de Puebla (UPAEP), maestra en conservaci\u00f3n y manejo de vida silvestre por el Instituto Nacional de Costa Rica y doctorante en desarrollo sustentable con orientaci\u00f3n en conservaci\u00f3n de la biodiversidad, por el colegio de la Frontera Sur.<\/p>\n\n\n\n<figure class=\"wp-block-image\"><img loading=\"lazy\" decoding=\"async\" width=\"1024\" height=\"682\" src=\"https:\/\/fdnoaxaca.net\/wp-content\/uploads\/2022\/11\/FOTO-2-1024x682.jpeg\" alt=\"\" class=\"wp-image-11255\" srcset=\"https:\/\/fdnoaxaca.net\/wp-content\/uploads\/2022\/11\/FOTO-2.jpeg 1024w, https:\/\/fdnoaxaca.net\/wp-content\/uploads\/2022\/11\/FOTO-2-300x200.jpeg 300w, https:\/\/fdnoaxaca.net\/wp-content\/uploads\/2022\/11\/FOTO-2-768x512.jpeg 768w, https:\/\/fdnoaxaca.net\/wp-content\/uploads\/2022\/11\/FOTO-2-600x400.jpeg 600w, https:\/\/fdnoaxaca.net\/wp-content\/uploads\/2022\/11\/FOTO-2-272x182.jpeg 272w\" sizes=\"auto, (max-width: 1024px) 100vw, 1024px\" \/><\/figure>\n\n\n\n<p>\u201cLa conservaci\u00f3n de los recursos naturales es a lo que he dedicado mi vida de manera acad\u00e9mica y de educaci\u00f3n ambiental. Pondr\u00e9 toda mi disposici\u00f3n y conocimiento para preservar el estado m\u00e1s biodiverso del pa\u00eds\u201d, asegur\u00f3 Unda Harp.<\/p>\n","protected":false},"excerpt":{"rendered":"<p>\u00b7&nbsp;&nbsp;&nbsp;&nbsp;&nbsp;&nbsp;&nbsp;&nbsp;&nbsp;Dos mujeres de experiencia y capacidad comprobada ser\u00e1n las titulares de la Secretar\u00eda de Salud y Servicios de Salud, y de la Secretar\u00eda de Medio Ambiente, Biodiversidad, Energ\u00edas y Sostenibilidad durante la administraci\u00f3n del gobernador electo, Salom\u00f3n Jara Cruz. Oaxaca de Ju\u00e1rez, Oax. 17 de noviembre de 2022.-&nbsp;La salud de los oaxaque\u00f1os y el cuidado&#8230;<\/p>\n","protected":false},"author":4,"featured_media":11256,"comment_status":"closed","ping_status":"closed","sticky":false,"template":"","format":"standard","meta":{"footnotes":""},"categories":[49],"tags":[],"class_list":["post-11253","post","type-post","status-publish","format-standard","has-post-thumbnail","hentry","category-titulares"],"_links":{"self":[{"href":"https:\/\/fdnoaxaca.net\/index.php\/wp-json\/wp\/v2\/posts\/11253","targetHints":{"allow":["GET"]}}],"collection":[{"href":"https:\/\/fdnoaxaca.net\/index.php\/wp-json\/wp\/v2\/posts"}],"about":[{"href":"https:\/\/fdnoaxaca.net\/index.php\/wp-json\/wp\/v2\/types\/post"}],"author":[{"embeddable":true,"href":"https:\/\/fdnoaxaca.net\/index.php\/wp-json\/wp\/v2\/users\/4"}],"replies":[{"embeddable":true,"href":"https:\/\/fdnoaxaca.net\/index.php\/wp-json\/wp\/v2\/comments?post=11253"}],"version-history":[{"count":1,"href":"https:\/\/fdnoaxaca.net\/index.php\/wp-json\/wp\/v2\/posts\/11253\/revisions"}],"predecessor-version":[{"id":11257,"href":"https:\/\/fdnoaxaca.net\/index.php\/wp-json\/wp\/v2\/posts\/11253\/revisions\/11257"}],"wp:featuredmedia":[{"embeddable":true,"href":"https:\/\/fdnoaxaca.net\/index.php\/wp-json\/wp\/v2\/media\/11256"}],"wp:attachment":[{"href":"https:\/\/fdnoaxaca.net\/index.php\/wp-json\/wp\/v2\/media?parent=11253"}],"wp:term":[{"taxonomy":"category","embeddable":true,"href":"https:\/\/fdnoaxaca.net\/index.php\/wp-json\/wp\/v2\/categories?post=11253"},{"taxonomy":"post_tag","embeddable":true,"href":"https:\/\/fdnoaxaca.net\/index.php\/wp-json\/wp\/v2\/tags?post=11253"}],"curies":[{"name":"wp","href":"https:\/\/api.w.org\/{rel}","templated":true}]}}