{"id":11259,"date":"2022-11-21T12:00:59","date_gmt":"2022-11-21T17:00:59","guid":{"rendered":"https:\/\/fdnoaxaca.net\/?p=11259"},"modified":"2022-11-21T12:01:03","modified_gmt":"2022-11-21T17:01:03","slug":"dirigiran-mujeres-de-experiencia-en-ambitos-de-educacion-y-trabajo-en-gobierno-de-salomon-jara","status":"publish","type":"post","link":"https:\/\/fdnoaxaca.net\/index.php\/2022\/11\/21\/dirigiran-mujeres-de-experiencia-en-ambitos-de-educacion-y-trabajo-en-gobierno-de-salomon-jara\/","title":{"rendered":"Dirigir\u00e1n mujeres de experiencia en \u00e1mbitos de educaci\u00f3n y trabajo en gobierno de Salom\u00f3n Jara"},"content":{"rendered":"\n<p>Oaxaca de Ju\u00e1rez, Oax. 21 de noviembre de 2022.- Delfina Elizabeth Guzm\u00e1n D\u00edaz fungir\u00e1 como secretaria de Educaci\u00f3n P\u00fablica en Oaxaca en el Gabinete del gobernador electo, Salom\u00f3n Jara Cruz.<\/p>\n\n\n\n<p>Mujer con m\u00e1s de 20 a\u00f1os de experiencia en el \u00e1mbito de la educaci\u00f3n en la entidad. Fue profesora y subdirectora acad\u00e9mica en su municipio natal: Santiago Jamiltepec.<\/p>\n\n\n\n<p>La amplia labor social dentro de su municipio le vali\u00f3 ser elegida presidenta municipal. Posteriormente represent\u00f3 a Oaxaca en la C\u00e1mara de Diputados federal y tambi\u00e9n fue legisladora local.<\/p>\n\n\n\n<p>\u201cHoy es el tiempo de las mujeres y hombres que so\u00f1amos. La primavera oaxaque\u00f1a es una realidad despu\u00e9s de mucho sufrimiento y marginaci\u00f3n para nuestros pueblos\u201d, destac\u00f3.<\/p>\n\n\n\n<p>La nueva Secretar\u00eda de Educaci\u00f3n P\u00fablica atender\u00e1 la labor administrativa y los procesos de educaci\u00f3n en los niveles media superior y superior, lo cual no intervendr\u00e1 directamente con las actividades que realiza el Instituto Estatal de Educaci\u00f3n P\u00fablica de Oaxaca (IEEPO).<\/p>\n\n\n\n<p>Igualmente, en la nueva Secretar\u00eda del Trabajo que existir\u00e1 en la entidad, estar\u00e1 a cargo Edith Araceli Santib\u00e1\u00f1ez Boh\u00f3rquez.<\/p>\n\n\n\n<figure class=\"wp-block-image\"><img loading=\"lazy\" decoding=\"async\" width=\"1024\" height=\"682\" src=\"https:\/\/fdnoaxaca.net\/wp-content\/uploads\/2022\/11\/FOTO-2-1-1024x682.jpeg\" alt=\"\" class=\"wp-image-11261\" srcset=\"https:\/\/fdnoaxaca.net\/wp-content\/uploads\/2022\/11\/FOTO-2-1-1024x682.jpeg 1024w, https:\/\/fdnoaxaca.net\/wp-content\/uploads\/2022\/11\/FOTO-2-1-300x200.jpeg 300w, https:\/\/fdnoaxaca.net\/wp-content\/uploads\/2022\/11\/FOTO-2-1-768x512.jpeg 768w, https:\/\/fdnoaxaca.net\/wp-content\/uploads\/2022\/11\/FOTO-2-1-600x400.jpeg 600w, https:\/\/fdnoaxaca.net\/wp-content\/uploads\/2022\/11\/FOTO-2-1-272x182.jpeg 272w, https:\/\/fdnoaxaca.net\/wp-content\/uploads\/2022\/11\/FOTO-2-1.jpeg 1600w\" sizes=\"auto, (max-width: 1024px) 100vw, 1024px\" \/><\/figure>\n\n\n\n<p>Es una mujer que ha trabajado por m\u00e1s de 20 a\u00f1os en la Secretar\u00eda de Asuntos Jur\u00eddicos de la Secci\u00f3n 22 del Sindicato Nacional de Trabajadores de la Educaci\u00f3n (SNTE).<\/p>\n\n\n\n<p>Es una experimentada funcionaria originaria del municipio de Candelaria Loxicha. Licenciada en derecho por la Universidad Aut\u00f3noma Benito Ju\u00e1rez de Oaxaca (UABJO), con un diplomado en derecho agrario.<\/p>\n\n\n\n<p>\u201cConf\u00edo mucho en nuestro gobernador, en que las cosas van a cambiar, desde mi cargo voy a defender los derechos laborales y sindicales; hacerle justicia a la gente que ha estado en marginaci\u00f3n y olvido\u201d, se\u00f1al\u00f3.<\/p>\n\n\n\n<p>Para la creaci\u00f3n de estas nuevas secretar\u00edas, el Gobernador electo presentar\u00e1 una iniciativa de reforma a la Ley Org\u00e1nica del Poder Ejecutivo del Estado.<\/p>\n","protected":false},"excerpt":{"rendered":"<p>Oaxaca de Ju\u00e1rez, Oax. 21 de noviembre de 2022.- Delfina Elizabeth Guzm\u00e1n D\u00edaz fungir\u00e1 como secretaria de Educaci\u00f3n P\u00fablica en Oaxaca en el Gabinete del gobernador electo, Salom\u00f3n Jara Cruz. Mujer con m\u00e1s de 20 a\u00f1os de experiencia en el \u00e1mbito de la educaci\u00f3n en la entidad. Fue profesora y subdirectora acad\u00e9mica en su municipio&#8230;<\/p>\n","protected":false},"author":4,"featured_media":11260,"comment_status":"closed","ping_status":"closed","sticky":false,"template":"","format":"standard","meta":{"footnotes":""},"categories":[49],"tags":[],"class_list":["post-11259","post","type-post","status-publish","format-standard","has-post-thumbnail","hentry","category-titulares"],"_links":{"self":[{"href":"https:\/\/fdnoaxaca.net\/index.php\/wp-json\/wp\/v2\/posts\/11259","targetHints":{"allow":["GET"]}}],"collection":[{"href":"https:\/\/fdnoaxaca.net\/index.php\/wp-json\/wp\/v2\/posts"}],"about":[{"href":"https:\/\/fdnoaxaca.net\/index.php\/wp-json\/wp\/v2\/types\/post"}],"author":[{"embeddable":true,"href":"https:\/\/fdnoaxaca.net\/index.php\/wp-json\/wp\/v2\/users\/4"}],"replies":[{"embeddable":true,"href":"https:\/\/fdnoaxaca.net\/index.php\/wp-json\/wp\/v2\/comments?post=11259"}],"version-history":[{"count":1,"href":"https:\/\/fdnoaxaca.net\/index.php\/wp-json\/wp\/v2\/posts\/11259\/revisions"}],"predecessor-version":[{"id":11262,"href":"https:\/\/fdnoaxaca.net\/index.php\/wp-json\/wp\/v2\/posts\/11259\/revisions\/11262"}],"wp:featuredmedia":[{"embeddable":true,"href":"https:\/\/fdnoaxaca.net\/index.php\/wp-json\/wp\/v2\/media\/11260"}],"wp:attachment":[{"href":"https:\/\/fdnoaxaca.net\/index.php\/wp-json\/wp\/v2\/media?parent=11259"}],"wp:term":[{"taxonomy":"category","embeddable":true,"href":"https:\/\/fdnoaxaca.net\/index.php\/wp-json\/wp\/v2\/categories?post=11259"},{"taxonomy":"post_tag","embeddable":true,"href":"https:\/\/fdnoaxaca.net\/index.php\/wp-json\/wp\/v2\/tags?post=11259"}],"curies":[{"name":"wp","href":"https:\/\/api.w.org\/{rel}","templated":true}]}}