{"id":11441,"date":"2022-12-28T22:20:17","date_gmt":"2022-12-29T03:20:17","guid":{"rendered":"https:\/\/fdnoaxaca.net\/?p=11441"},"modified":"2022-12-28T22:20:20","modified_gmt":"2022-12-29T03:20:20","slug":"muere-nino-uno-de-los-tres-infectados-presuntamente-de-rabia-en-oaxaca","status":"publish","type":"post","link":"https:\/\/fdnoaxaca.net\/index.php\/2022\/12\/28\/muere-nino-uno-de-los-tres-infectados-presuntamente-de-rabia-en-oaxaca\/","title":{"rendered":"Muere ni\u00f1o, uno de los tres infectados presuntamente de rabia en Oaxaca"},"content":{"rendered":"\n<p>Oaxaca de Ju\u00e1rez, Oax. 28 de diciembre de 2022.- Uno de los tres ni\u00f1os hospitalizados por presuntamente estar infectados de rabia en Oaxaca, muri\u00f3 este mi\u00e9rcoles.\u00a0<\/p>\n\n\n\n<p>De acuerdo con los Servicios de Salud de Oaxaca, se trata del ni\u00f1o de siete a\u00f1os de edad, quien fue ingresado junto con otros dos menores al hospital civil &#8216;Dr. Aurelio Valdivieso&#8217;, al presentar complicaciones a la salud tras haber sido mordidos supuestamente por un murci\u00e9lago.&nbsp;<\/p>\n\n\n\n<p>Su estado de salud hab\u00eda sido reportado como cr\u00edtico y este mi\u00e9rcoles falleci\u00f3 a las 17:06 horas.\u00a0<\/p>\n\n\n\n<p>Los tres ni\u00f1os, de ocho, siete y dos a\u00f1os, son originarios de la comunidad de Palo de Lima, perteneciente al municipio de San Lorenzo Texmelucan.\u00a0<\/p>\n\n\n\n<p>Se inform\u00f3 tambi\u00e9n que en las \u00faltimas 24 horas no se ha reportado ning\u00fan cambio respecto al estado de salud de la ni\u00f1a de ocho a\u00f1os de edad, originaria de la misma localidad, quien actualmente se encuentra bajo sedoanalgesia y ventilaci\u00f3n mec\u00e1nica.&nbsp;<\/p>\n\n\n\n<p>La dependencia inform\u00f3 que la menor continuar\u00e1 con el tratamiento m\u00e9dico, sin embargo el pron\u00f3stico de salud sigue siendo grave.<\/p>\n\n\n\n<p>Indic\u00f3 tambi\u00e9n que se est\u00e1 en espera de los resultados de laboratorio de los pacientes por parte del Instituto de Diagn\u00f3stico y Referencia Epidemiol\u00f3gicos (InDRE), para confirmar o descartar el contagio de rabia.&nbsp;<\/p>\n","protected":false},"excerpt":{"rendered":"<p>Oaxaca de Ju\u00e1rez, Oax. 28 de diciembre de 2022.- Uno de los tres ni\u00f1os hospitalizados por presuntamente estar infectados de rabia en Oaxaca, muri\u00f3 este mi\u00e9rcoles.\u00a0 De acuerdo con los Servicios de Salud de Oaxaca, se trata del ni\u00f1o de siete a\u00f1os de edad, quien fue ingresado junto con otros dos menores al hospital civil&#8230;<\/p>\n","protected":false},"author":4,"featured_media":11442,"comment_status":"closed","ping_status":"closed","sticky":false,"template":"","format":"standard","meta":{"footnotes":""},"categories":[49],"tags":[],"class_list":["post-11441","post","type-post","status-publish","format-standard","has-post-thumbnail","hentry","category-titulares"],"_links":{"self":[{"href":"https:\/\/fdnoaxaca.net\/index.php\/wp-json\/wp\/v2\/posts\/11441","targetHints":{"allow":["GET"]}}],"collection":[{"href":"https:\/\/fdnoaxaca.net\/index.php\/wp-json\/wp\/v2\/posts"}],"about":[{"href":"https:\/\/fdnoaxaca.net\/index.php\/wp-json\/wp\/v2\/types\/post"}],"author":[{"embeddable":true,"href":"https:\/\/fdnoaxaca.net\/index.php\/wp-json\/wp\/v2\/users\/4"}],"replies":[{"embeddable":true,"href":"https:\/\/fdnoaxaca.net\/index.php\/wp-json\/wp\/v2\/comments?post=11441"}],"version-history":[{"count":1,"href":"https:\/\/fdnoaxaca.net\/index.php\/wp-json\/wp\/v2\/posts\/11441\/revisions"}],"predecessor-version":[{"id":11443,"href":"https:\/\/fdnoaxaca.net\/index.php\/wp-json\/wp\/v2\/posts\/11441\/revisions\/11443"}],"wp:featuredmedia":[{"embeddable":true,"href":"https:\/\/fdnoaxaca.net\/index.php\/wp-json\/wp\/v2\/media\/11442"}],"wp:attachment":[{"href":"https:\/\/fdnoaxaca.net\/index.php\/wp-json\/wp\/v2\/media?parent=11441"}],"wp:term":[{"taxonomy":"category","embeddable":true,"href":"https:\/\/fdnoaxaca.net\/index.php\/wp-json\/wp\/v2\/categories?post=11441"},{"taxonomy":"post_tag","embeddable":true,"href":"https:\/\/fdnoaxaca.net\/index.php\/wp-json\/wp\/v2\/tags?post=11441"}],"curies":[{"name":"wp","href":"https:\/\/api.w.org\/{rel}","templated":true}]}}