{"id":11584,"date":"2023-01-20T12:49:18","date_gmt":"2023-01-20T17:49:18","guid":{"rendered":"https:\/\/fdnoaxaca.net\/?p=11584"},"modified":"2023-01-20T12:49:21","modified_gmt":"2023-01-20T17:49:21","slug":"mal-ejemplo","status":"publish","type":"post","link":"https:\/\/fdnoaxaca.net\/index.php\/2023\/01\/20\/mal-ejemplo\/","title":{"rendered":"Mal ejemplo"},"content":{"rendered":"\n<p>*Eduardo Bizuet&nbsp;<\/p>\n\n\n\n<p><br>Oaxaca de Ju\u00e1rez, Oax. 20 de enero de 2023.- Desafortunadamente, como en otras \u00e9pocas, los malos ejemplos siguen present\u00e1ndose en M\u00e9xico. Uno de ellos lo encabez\u00f3 el jugador del equipo de f\u00fatbol Cruz Azul, el \u201cCata\u201d Dom\u00ednguez, quien comparti\u00f3 en redes, fotos del cumplea\u00f1os de su hijo con tem\u00e1tica alusiva al narco.<\/p>\n\n\n\n<p>Despu\u00e9s de una ola de cr\u00edticas en redes socio digitales el jugador de la m\u00e1quina quiso excusarse explicando que se trat\u00f3 de un evento privado, ajeno a su profesi\u00f3n; lo cual dej\u00f3 de ser privado para convertirse en escarnio p\u00fablico, desde el momento que las fotos fueron compartidas en redes.<\/p>\n\n\n\n<p>Ante la evidencia de los hechos, tanto el equipo de f\u00fatbol como la FEMEXFUT no se pronunciaron al respecto, por lo que varios analistas deportivos auguraron que el hecho pasar\u00eda desapercibido; y no se equivocaron, porque a pesar de que el jugador mencionado ofreci\u00f3 disculpas, que por cierto se not\u00f3 que estaba leyendo el mensaje ante la c\u00e1mara, lo que presupone que le escribieron el \u201cguion\u201d de su disculpa; no existi\u00f3 un correctivo ejemplar.<\/p>\n\n\n\n<p>El \u201cCata\u201d Dom\u00ednguez aleg\u00f3 que esas fotos no son las que necesita M\u00e9xico, adem\u00e1s que la tem\u00e1tica de la fiesta \u201cinfantil\u201d alud\u00eda a un videojuego, ante la evidencia \u00bfno se sabe qu\u00e9 es peor, si los hechos o la disculpa? A lo mejor la conducta del jugador no ameritaba una rescisi\u00f3n de contrato, pero aprovechando su trayectoria deportiva, realizar actividades a favor de la comunidad como: pl\u00e1ticas dirigidas a la juventud hubiera sido un buen correctivo.<\/p>\n\n\n\n<p>Por otro lado, la tesis de licenciatura de la ministra de la Suprema Corte de Justicia de la Naci\u00f3n, ha dejado de tener la categor\u00eda de supuesto plagio a plagio confirmado, seg\u00fan detall\u00f3 en un comunicado la m\u00e1xima casa de estudios.<\/p>\n\n\n\n<p>Ante estos dos hechos me permito resaltar lo siguiente: quienes son figuras p\u00fablicas, ya sea como deportistas, artistas, servidores p\u00fablicos, etc\u00e9tera, tienen que actuar con diligencia tanto en su vida privada como p\u00fablica, porque se encuentran bajo la lupa de la sociedad, adem\u00e1s que son ejemplo para otras personas. Si eres estudiante espero no soslayes estas l\u00edneas, espero percibas que un hecho acad\u00e9mico puede repercutir positiva o negativamente en tu futuro profesional.<\/p>\n\n\n\n<p>\u00bfC\u00f3mo aconsejar a las nuevas generaciones que lean, que se den el tiempo de investigar, cuando en el servicio p\u00fablico se encuentran personas que realizaron supuestas trampas para acreditar su grado acad\u00e9mico?, \u00bfc\u00f3mo explicar que la juventud no sea cautiva por la delincuencia organizada, cuando son los mismos progenitores, figuras deportivas las que promueven este tipo de contracultura?<\/p>\n\n\n\n<p>En otras latitudes, quienes se vieran inmiscuidos en estos menesteres, posiblemente ya hubieran renunciado\u2026 En M\u00e9xico, no tenemos esa cultura.<\/p>\n\n\n\n<p>No hay que olvidar en estos menesteres a la asesora de tesis de la ministra Esquivel, quien fue despedida de la UNAM por haber confesado que entregaba proyectos de investigaci\u00f3n predise\u00f1ados como referencia para otros protocolos, pero esa es otra historia.<br><\/p>\n\n\n\n<p>*Julio Eduardo Manzano Bizuet. Acad\u00e9mico universitario, abogado. Exdefensor de las Audiencias de Cortv.&nbsp;<\/p>\n\n\n\n<p><\/p>\n","protected":false},"excerpt":{"rendered":"<p>*Eduardo Bizuet&nbsp; Oaxaca de Ju\u00e1rez, Oax. 20 de enero de 2023.- Desafortunadamente, como en otras \u00e9pocas, los malos ejemplos siguen present\u00e1ndose en M\u00e9xico. Uno de ellos lo encabez\u00f3 el jugador del equipo de f\u00fatbol Cruz Azul, el \u201cCata\u201d Dom\u00ednguez, quien comparti\u00f3 en redes, fotos del cumplea\u00f1os de su hijo con tem\u00e1tica alusiva al narco. Despu\u00e9s&#8230;<\/p>\n","protected":false},"author":4,"featured_media":11585,"comment_status":"closed","ping_status":"closed","sticky":false,"template":"","format":"standard","meta":{"footnotes":""},"categories":[51,49],"tags":[],"class_list":["post-11584","post","type-post","status-publish","format-standard","has-post-thumbnail","hentry","category-perspectiva","category-titulares"],"_links":{"self":[{"href":"https:\/\/fdnoaxaca.net\/index.php\/wp-json\/wp\/v2\/posts\/11584","targetHints":{"allow":["GET"]}}],"collection":[{"href":"https:\/\/fdnoaxaca.net\/index.php\/wp-json\/wp\/v2\/posts"}],"about":[{"href":"https:\/\/fdnoaxaca.net\/index.php\/wp-json\/wp\/v2\/types\/post"}],"author":[{"embeddable":true,"href":"https:\/\/fdnoaxaca.net\/index.php\/wp-json\/wp\/v2\/users\/4"}],"replies":[{"embeddable":true,"href":"https:\/\/fdnoaxaca.net\/index.php\/wp-json\/wp\/v2\/comments?post=11584"}],"version-history":[{"count":1,"href":"https:\/\/fdnoaxaca.net\/index.php\/wp-json\/wp\/v2\/posts\/11584\/revisions"}],"predecessor-version":[{"id":11586,"href":"https:\/\/fdnoaxaca.net\/index.php\/wp-json\/wp\/v2\/posts\/11584\/revisions\/11586"}],"wp:featuredmedia":[{"embeddable":true,"href":"https:\/\/fdnoaxaca.net\/index.php\/wp-json\/wp\/v2\/media\/11585"}],"wp:attachment":[{"href":"https:\/\/fdnoaxaca.net\/index.php\/wp-json\/wp\/v2\/media?parent=11584"}],"wp:term":[{"taxonomy":"category","embeddable":true,"href":"https:\/\/fdnoaxaca.net\/index.php\/wp-json\/wp\/v2\/categories?post=11584"},{"taxonomy":"post_tag","embeddable":true,"href":"https:\/\/fdnoaxaca.net\/index.php\/wp-json\/wp\/v2\/tags?post=11584"}],"curies":[{"name":"wp","href":"https:\/\/api.w.org\/{rel}","templated":true}]}}