{"id":1168,"date":"2019-07-14T01:11:37","date_gmt":"2019-07-14T01:11:37","guid":{"rendered":"http:\/\/fdnoaxaca.net\/?p=1168"},"modified":"2019-07-14T01:11:39","modified_gmt":"2019-07-14T01:11:39","slug":"limpian-la-capital-de-oaxaca-por-guelaguetza","status":"publish","type":"post","link":"https:\/\/fdnoaxaca.net\/index.php\/2019\/07\/14\/limpian-la-capital-de-oaxaca-por-guelaguetza\/","title":{"rendered":"Limpian la capital de Oaxaca por Guelaguetza"},"content":{"rendered":"\n<p>Oaxaca de Ju\u00e1rez, Oax. 13 de julio de 2019.- A nueve d\u00edas de que se celebre la Guelaguetza, trabajadores del gobierno de Oaxaca empezaron un tequio este s\u00e1bado para limpiar la capital del estado. <\/p>\n\n\n\n<p>Luego de ser convocados por el gobernador Alejandro Murat Hinojosa se reunieron y empezaron los trabajos desde antes de las ocho de la ma\u00f1ana. <\/p>\n\n\n\n<p>Por primera vez, el tequio que inici\u00f3 en el Centro Hist\u00f3rico, se ampli\u00f3 hasta la periferia de la ciudad de Oaxaca, abarcando tambi\u00e9n las inmediaciones de la Central de Abasto y las riberas del Atoyac.<\/p>\n\n\n\n<figure class=\"wp-block-embed-youtube wp-block-embed is-type-video is-provider-youtube wp-embed-aspect-16-9 wp-has-aspect-ratio\"><div class=\"wp-block-embed__wrapper\">\n<iframe loading=\"lazy\" title=\"Limpian la capital de Oaxaca por Guelaguetza\" width=\"640\" height=\"360\" src=\"https:\/\/www.youtube.com\/embed\/QUg00ZyR1-4?feature=oembed\" frameborder=\"0\" allow=\"accelerometer; autoplay; clipboard-write; encrypted-media; gyroscope; picture-in-picture; web-share\" referrerpolicy=\"strict-origin-when-cross-origin\" allowfullscreen><\/iframe>\n<\/div><\/figure>\n\n\n\n<p>&#8220;Estamos aqu\u00ed para cuidar el tesoro que tenemos que es la gran Verde Antequera&#8221;, expres\u00f3 Murat Hinojosa. <\/p>\n\n\n\n<p>Este d\u00eda se pintaron aproximadamente 30 mil metros cuadrados de fachadas y 21 kil\u00f3metros de guarniciones, se limpiaron calles y rehabilitaron luminarias.<\/p>\n\n\n\n<p>Tambi\u00e9n se iniciaron los trabajos de bacheo para la recuperaci\u00f3n y reacondicionamiento de las zonas aleda\u00f1as al R\u00edo Atoyac.<\/p>\n\n\n\n<p>El tequio continuar\u00e1 este domingo en la ciudad de Oaxaca, a fin de limpiarla completamente y recibir a los visitantes para la Guelaguetza 2019.<\/p>\n","protected":false},"excerpt":{"rendered":"<p>Oaxaca de Ju\u00e1rez, Oax. 13 de julio de 2019.- A nueve d\u00edas de que se celebre la Guelaguetza, trabajadores del gobierno de Oaxaca empezaron un tequio este s\u00e1bado para limpiar la capital del estado. Luego de ser convocados por el gobernador Alejandro Murat Hinojosa se reunieron y empezaron los trabajos desde antes de las ocho&#8230;<\/p>\n","protected":false},"author":4,"featured_media":1169,"comment_status":"closed","ping_status":"closed","sticky":false,"template":"","format":"standard","meta":{"footnotes":""},"categories":[49],"tags":[],"class_list":["post-1168","post","type-post","status-publish","format-standard","has-post-thumbnail","hentry","category-titulares"],"_links":{"self":[{"href":"https:\/\/fdnoaxaca.net\/index.php\/wp-json\/wp\/v2\/posts\/1168","targetHints":{"allow":["GET"]}}],"collection":[{"href":"https:\/\/fdnoaxaca.net\/index.php\/wp-json\/wp\/v2\/posts"}],"about":[{"href":"https:\/\/fdnoaxaca.net\/index.php\/wp-json\/wp\/v2\/types\/post"}],"author":[{"embeddable":true,"href":"https:\/\/fdnoaxaca.net\/index.php\/wp-json\/wp\/v2\/users\/4"}],"replies":[{"embeddable":true,"href":"https:\/\/fdnoaxaca.net\/index.php\/wp-json\/wp\/v2\/comments?post=1168"}],"version-history":[{"count":1,"href":"https:\/\/fdnoaxaca.net\/index.php\/wp-json\/wp\/v2\/posts\/1168\/revisions"}],"predecessor-version":[{"id":1170,"href":"https:\/\/fdnoaxaca.net\/index.php\/wp-json\/wp\/v2\/posts\/1168\/revisions\/1170"}],"wp:featuredmedia":[{"embeddable":true,"href":"https:\/\/fdnoaxaca.net\/index.php\/wp-json\/wp\/v2\/media\/1169"}],"wp:attachment":[{"href":"https:\/\/fdnoaxaca.net\/index.php\/wp-json\/wp\/v2\/media?parent=1168"}],"wp:term":[{"taxonomy":"category","embeddable":true,"href":"https:\/\/fdnoaxaca.net\/index.php\/wp-json\/wp\/v2\/categories?post=1168"},{"taxonomy":"post_tag","embeddable":true,"href":"https:\/\/fdnoaxaca.net\/index.php\/wp-json\/wp\/v2\/tags?post=1168"}],"curies":[{"name":"wp","href":"https:\/\/api.w.org\/{rel}","templated":true}]}}