{"id":1185,"date":"2019-07-17T04:06:23","date_gmt":"2019-07-17T04:06:23","guid":{"rendered":"http:\/\/fdnoaxaca.net\/?p=1185"},"modified":"2019-07-17T04:06:26","modified_gmt":"2019-07-17T04:06:26","slug":"entrega-ocotepec-a-los-19-retenidos-a-la-guardia-nacional","status":"publish","type":"post","link":"https:\/\/fdnoaxaca.net\/index.php\/2019\/07\/17\/entrega-ocotepec-a-los-19-retenidos-a-la-guardia-nacional\/","title":{"rendered":"Entrega Ocotepec a los 19 retenidos a la Guardia Nacional"},"content":{"rendered":"\n<p>Oaxaca de Ju\u00e1rez, Oax. 16 de julio de 2019.- Tras 10 d\u00edas de retenci\u00f3n, este martes las 19 personas privadas de su libertad por la comunidad en San Dionisio Ocotepec, fueron entregadas a la Guardia Nacional y a la Fiscal\u00eda General de la Rep\u00fablica en Oaxaca. <\/p>\n\n\n\n<p>La entrega de los retenidos ocurri\u00f3 en presencia del personal de la Defensor\u00eda de los Derechos Humanos del Pueblo de Oaxaca (DDHPO). Las personas originarias de Oaxaca, Veracruz y Chiapas fueron retenidas el 7 de abril por la poblaci\u00f3n de San Dionisio Ocotepec presuntamente porque estaban armadas y trabajaban en un predio de un particular en disputa. <\/p>\n\n\n\n<p>Durante los 10 d\u00edas familiares de los retenidos acusaron omisi\u00f3n por parte de la Fiscal\u00eda General de Justicia del Estado para atender la situaci\u00f3n y aseguraron que las personas son inocentes.<\/p>\n\n\n\n<figure class=\"wp-block-image\"><img loading=\"lazy\" decoding=\"async\" width=\"1024\" height=\"768\" src=\"http:\/\/fdnoaxaca.net\/wp-content\/uploads\/2019\/07\/PicsArt_07-16-11.14.29-1024x768.jpg\" alt=\"\" class=\"wp-image-1186\" srcset=\"https:\/\/fdnoaxaca.net\/wp-content\/uploads\/2019\/07\/PicsArt_07-16-11.14.29-1024x768.jpg 1024w, https:\/\/fdnoaxaca.net\/wp-content\/uploads\/2019\/07\/PicsArt_07-16-11.14.29-300x225.jpg 300w, https:\/\/fdnoaxaca.net\/wp-content\/uploads\/2019\/07\/PicsArt_07-16-11.14.29-768x576.jpg 768w, https:\/\/fdnoaxaca.net\/wp-content\/uploads\/2019\/07\/PicsArt_07-16-11.14.29.jpg 1280w\" sizes=\"auto, (max-width: 1024px) 100vw, 1024px\" \/><\/figure>\n\n\n\n<p>A la poblaci\u00f3n acudieron el inspector General de la Guardia Nacional, Diego Armando Ch\u00e1vez, el investigador en Jefe de la Unidad de Investigaci\u00f3n y Litigacion de la Fiscal\u00eda General de la Rep\u00fablica,&nbsp; Arturo de Villanueva Zurita y la agente del Ministerio P\u00fablico federal, Roxana Mart\u00ednez L\u00f3pez, quienes recibieron de la Comisi\u00f3n para representar al pueblo de San Dionisio Ocotepec en la Defensa de su Territorio el armamento decomisado y las personas.<\/p>\n\n\n\n<p>En un mensaje dirigido a los pobladores el defensor de los Derechos Humanos, Bernardo Rodr\u00edguez Alamilla, refrend\u00f3 la disposici\u00f3n del \u00f3rgano aut\u00f3nomo de velar por las garant\u00edas de los habitantes. <\/p>\n\n\n\n<p>Tambi\u00e9n sostuvo que la DDHPO certific\u00f3 que el proceso de entrega de las personas se llev\u00f3 a cabo apegado a los est\u00e1ndares de derechos humanos.<\/p>\n\n\n\n<figure class=\"wp-block-image\"><img loading=\"lazy\" decoding=\"async\" width=\"1024\" height=\"576\" src=\"http:\/\/fdnoaxaca.net\/wp-content\/uploads\/2019\/07\/IMG-20190716-WA0095-1024x576.jpg\" alt=\"\" class=\"wp-image-1187\" srcset=\"https:\/\/fdnoaxaca.net\/wp-content\/uploads\/2019\/07\/IMG-20190716-WA0095-1024x576.jpg 1024w, https:\/\/fdnoaxaca.net\/wp-content\/uploads\/2019\/07\/IMG-20190716-WA0095-300x169.jpg 300w, https:\/\/fdnoaxaca.net\/wp-content\/uploads\/2019\/07\/IMG-20190716-WA0095-768x432.jpg 768w, https:\/\/fdnoaxaca.net\/wp-content\/uploads\/2019\/07\/IMG-20190716-WA0095.jpg 1032w\" sizes=\"auto, (max-width: 1024px) 100vw, 1024px\" \/><\/figure>\n\n\n\n<p>La Defensor\u00eda reiter\u00f3 que el di\u00e1logo es un mecanismo de soluci\u00f3n de conflictos de manera pac\u00edfica y apegado a derecho, por lo que reconoci\u00f3 a la Asamblea Comunitaria de San Dionisio Ocotepec, as\u00ed como a las comisiones integradas para superar el conflicto.<\/p>\n\n\n\n<p>El \u00f3rgano aut\u00f3nomo se pronunci\u00f3 porque las personas entregadas a las autoridades federales se les garantice un debido proceso.<\/p>\n","protected":false},"excerpt":{"rendered":"<p>Oaxaca de Ju\u00e1rez, Oax. 16 de julio de 2019.- Tras 10 d\u00edas de retenci\u00f3n, este martes las 19 personas privadas de su libertad por la comunidad en San Dionisio Ocotepec, fueron entregadas a la Guardia Nacional y a la Fiscal\u00eda General de la Rep\u00fablica en Oaxaca. La entrega de los retenidos ocurri\u00f3 en presencia del&#8230;<\/p>\n","protected":false},"author":4,"featured_media":1186,"comment_status":"closed","ping_status":"closed","sticky":false,"template":"","format":"standard","meta":{"footnotes":""},"categories":[49],"tags":[],"class_list":["post-1185","post","type-post","status-publish","format-standard","has-post-thumbnail","hentry","category-titulares"],"_links":{"self":[{"href":"https:\/\/fdnoaxaca.net\/index.php\/wp-json\/wp\/v2\/posts\/1185","targetHints":{"allow":["GET"]}}],"collection":[{"href":"https:\/\/fdnoaxaca.net\/index.php\/wp-json\/wp\/v2\/posts"}],"about":[{"href":"https:\/\/fdnoaxaca.net\/index.php\/wp-json\/wp\/v2\/types\/post"}],"author":[{"embeddable":true,"href":"https:\/\/fdnoaxaca.net\/index.php\/wp-json\/wp\/v2\/users\/4"}],"replies":[{"embeddable":true,"href":"https:\/\/fdnoaxaca.net\/index.php\/wp-json\/wp\/v2\/comments?post=1185"}],"version-history":[{"count":1,"href":"https:\/\/fdnoaxaca.net\/index.php\/wp-json\/wp\/v2\/posts\/1185\/revisions"}],"predecessor-version":[{"id":1188,"href":"https:\/\/fdnoaxaca.net\/index.php\/wp-json\/wp\/v2\/posts\/1185\/revisions\/1188"}],"wp:featuredmedia":[{"embeddable":true,"href":"https:\/\/fdnoaxaca.net\/index.php\/wp-json\/wp\/v2\/media\/1186"}],"wp:attachment":[{"href":"https:\/\/fdnoaxaca.net\/index.php\/wp-json\/wp\/v2\/media?parent=1185"}],"wp:term":[{"taxonomy":"category","embeddable":true,"href":"https:\/\/fdnoaxaca.net\/index.php\/wp-json\/wp\/v2\/categories?post=1185"},{"taxonomy":"post_tag","embeddable":true,"href":"https:\/\/fdnoaxaca.net\/index.php\/wp-json\/wp\/v2\/tags?post=1185"}],"curies":[{"name":"wp","href":"https:\/\/api.w.org\/{rel}","templated":true}]}}