{"id":11900,"date":"2023-02-24T12:18:31","date_gmt":"2023-02-24T17:18:31","guid":{"rendered":"https:\/\/fdnoaxaca.net\/?p=11900"},"modified":"2023-02-24T12:18:34","modified_gmt":"2023-02-24T17:18:34","slug":"acerca-poder-judicial-del-estado-sus-servicios-y-brinda-atencion-a-habitantes-de-la-cuenca","status":"publish","type":"post","link":"https:\/\/fdnoaxaca.net\/index.php\/2023\/02\/24\/acerca-poder-judicial-del-estado-sus-servicios-y-brinda-atencion-a-habitantes-de-la-cuenca\/","title":{"rendered":"Acerca Poder Judicial del Estado sus servicios  y brinda atenci\u00f3n a habitantes de la Cuenca"},"content":{"rendered":"\n<p>La instituci\u00f3n impartidora de justicia contin\u00faa participando en las Jornadas de Paz y Justicia para Mujeres, Adolescentes y Ni\u00f1as, organizada por el Gobierno del Estado. <\/p>\n\n\n\n<p>Oaxaca de Ju\u00e1rez, Oax. 24 de febrero de 2023.- En su compromiso de apoyar acciones de prevenci\u00f3n de la violencia de g\u00e9nero y brindar atenci\u00f3n especializada a mujeres, garantiz\u00e1ndoles el acceso a la justicia, el Poder Judicial del Estado, a trav\u00e9s de la Direcci\u00f3n de Derechos Humanos y el Centro de Justicia Alternativa, participa en la Jornada de Paz y Justicia para Mujeres, Adolescentes y Ni\u00f1as, organizada por el Gobierno del Estado, en la regi\u00f3n de la Cuenca del Papaloapan.&nbsp;<br><\/p>\n\n\n\n<p>De forma conjunta con diversas dependencias, el Tribunal Superior de Justicia y el Consejo de la Judicatura, llevan a cabo estos trabajos encaminados a contribuir en la erradicaci\u00f3n de la violencia y la desigualdad de g\u00e9nero, as\u00ed como garantizar los derechos humanos de las mujeres en los diferentes municipios del estado.&nbsp;<br><\/p>\n\n\n\n<p>Por ello, personal especializado de ambas direcciones, a cargo del m\u00f3dulo de orientaci\u00f3n, apoyaron a habitantes y estudiantes que acudieron a la jornada, con informaci\u00f3n respecto a los servicios en la instituci\u00f3n impartidora de justicia y los mecanismos alternativos de soluci\u00f3n de conflictos, adem\u00e1s de entregar material como tr\u00edpticos, folletos y carteles.&nbsp;&nbsp;<br><\/p>\n\n\n\n<p>La Jornada de Paz y Justicia para Mujeres, Adolescentes y Ni\u00f1as, se realiz\u00f3 el 21 de febrero en el municipio de San Juan Bautista Tuxtepec, en la avenida 5 de Mayo n\u00famero 281, entre Allende y Guerrero, colonia Centro; el 22 se efectu\u00f3 en Loma Bonita; el 23 en Acatl\u00e1n de P\u00e9rez Figueroa; el 24 en San Miguel Soyaltepec y el 25 de febrero culmina en San Juan Bautista Valle Nacional.&nbsp;<br><\/p>\n\n\n\n<p>El Poder Judicial del Estado apoya las pol\u00edticas p\u00fablicas a favor de las mujeres y refrenda su compromiso para que este sector de la poblaci\u00f3n sea dotado de herramientas y conocimientos que les permitan detectar y actuar contra casos de violencia; asimismo, invita a la sociedad a sumarse en estas tareas que favorecen el desarrollo de la equidad e igualdad de g\u00e9nero.<\/p>\n","protected":false},"excerpt":{"rendered":"<p>La instituci\u00f3n impartidora de justicia contin\u00faa participando en las Jornadas de Paz y Justicia para Mujeres, Adolescentes y Ni\u00f1as, organizada por el Gobierno del Estado. Oaxaca de Ju\u00e1rez, Oax. 24 de febrero de 2023.- En su compromiso de apoyar acciones de prevenci\u00f3n de la violencia de g\u00e9nero y brindar atenci\u00f3n especializada a mujeres, garantiz\u00e1ndoles el&#8230;<\/p>\n","protected":false},"author":4,"featured_media":11901,"comment_status":"closed","ping_status":"closed","sticky":false,"template":"","format":"standard","meta":{"footnotes":""},"categories":[49],"tags":[],"class_list":["post-11900","post","type-post","status-publish","format-standard","has-post-thumbnail","hentry","category-titulares"],"_links":{"self":[{"href":"https:\/\/fdnoaxaca.net\/index.php\/wp-json\/wp\/v2\/posts\/11900","targetHints":{"allow":["GET"]}}],"collection":[{"href":"https:\/\/fdnoaxaca.net\/index.php\/wp-json\/wp\/v2\/posts"}],"about":[{"href":"https:\/\/fdnoaxaca.net\/index.php\/wp-json\/wp\/v2\/types\/post"}],"author":[{"embeddable":true,"href":"https:\/\/fdnoaxaca.net\/index.php\/wp-json\/wp\/v2\/users\/4"}],"replies":[{"embeddable":true,"href":"https:\/\/fdnoaxaca.net\/index.php\/wp-json\/wp\/v2\/comments?post=11900"}],"version-history":[{"count":1,"href":"https:\/\/fdnoaxaca.net\/index.php\/wp-json\/wp\/v2\/posts\/11900\/revisions"}],"predecessor-version":[{"id":11902,"href":"https:\/\/fdnoaxaca.net\/index.php\/wp-json\/wp\/v2\/posts\/11900\/revisions\/11902"}],"wp:featuredmedia":[{"embeddable":true,"href":"https:\/\/fdnoaxaca.net\/index.php\/wp-json\/wp\/v2\/media\/11901"}],"wp:attachment":[{"href":"https:\/\/fdnoaxaca.net\/index.php\/wp-json\/wp\/v2\/media?parent=11900"}],"wp:term":[{"taxonomy":"category","embeddable":true,"href":"https:\/\/fdnoaxaca.net\/index.php\/wp-json\/wp\/v2\/categories?post=11900"},{"taxonomy":"post_tag","embeddable":true,"href":"https:\/\/fdnoaxaca.net\/index.php\/wp-json\/wp\/v2\/tags?post=11900"}],"curies":[{"name":"wp","href":"https:\/\/api.w.org\/{rel}","templated":true}]}}