{"id":11910,"date":"2023-02-27T13:27:49","date_gmt":"2023-02-27T18:27:49","guid":{"rendered":"https:\/\/fdnoaxaca.net\/?p=11910"},"modified":"2023-02-27T13:27:53","modified_gmt":"2023-02-27T18:27:53","slug":"la-comida-de-oaxaca-y-la-discriminacion-hacia-oaxaquenos","status":"publish","type":"post","link":"https:\/\/fdnoaxaca.net\/index.php\/2023\/02\/27\/la-comida-de-oaxaca-y-la-discriminacion-hacia-oaxaquenos\/","title":{"rendered":"La comida de Oaxaca y la discriminaci\u00f3n hacia oaxaque\u00f1os"},"content":{"rendered":"\n<p>Paola Flores&nbsp;<\/p>\n\n\n\n<p>Oaxaca de Ju\u00e1rez, Oax. 27 de febrero de 2023.- Ahora la comida de Oaxaca se presenta como un objeto de deseo, como una experiencia ex\u00f3tica y de lujo. Lista para ser probada, juzgada e incluso premiada por extranjeros, creando as\u00ed nuevas fronteras y segregaci\u00f3n.\u00a0<\/p>\n\n\n\n<p>Sobre ello, este lunes la periodista Paola Flores opina en su video columna.<\/p>\n\n\n\n<p>Aborda el c\u00f3mo a la gastronom\u00eda de Oaxaca la han convertido en un producto ex\u00f3tico y de lujo, para dar paso a la discriminaci\u00f3n hacia los propios oaxaque\u00f1os.<\/p>\n\n\n\n<p>Escuche: <br><\/p>\n\n\n\n<blockquote class=\"wp-block-quote is-layout-flow wp-block-quote-is-layout-flow\"><p><iframe loading=\"lazy\" title=\"La comida de Oaxaca y la discriminaci\u00f3n hacia oaxaque\u00f1os\" width=\"640\" height=\"360\" src=\"https:\/\/www.youtube.com\/embed\/wKxzZbEP8Vk?feature=oembed\" frameborder=\"0\" allow=\"accelerometer; autoplay; clipboard-write; encrypted-media; gyroscope; picture-in-picture; web-share\" referrerpolicy=\"strict-origin-when-cross-origin\" allowfullscreen><\/iframe><\/p><\/blockquote>\n","protected":false},"excerpt":{"rendered":"<p>Paola Flores&nbsp; Oaxaca de Ju\u00e1rez, Oax. 27 de febrero de 2023.- Ahora la comida de Oaxaca se presenta como un objeto de deseo, como una experiencia ex\u00f3tica y de lujo. Lista para ser probada, juzgada e incluso premiada por extranjeros, creando as\u00ed nuevas fronteras y segregaci\u00f3n.\u00a0 Sobre ello, este lunes la periodista Paola Flores opina&#8230;<\/p>\n","protected":false},"author":4,"featured_media":11911,"comment_status":"closed","ping_status":"closed","sticky":false,"template":"","format":"standard","meta":{"footnotes":""},"categories":[51,49],"tags":[],"class_list":["post-11910","post","type-post","status-publish","format-standard","has-post-thumbnail","hentry","category-perspectiva","category-titulares"],"_links":{"self":[{"href":"https:\/\/fdnoaxaca.net\/index.php\/wp-json\/wp\/v2\/posts\/11910","targetHints":{"allow":["GET"]}}],"collection":[{"href":"https:\/\/fdnoaxaca.net\/index.php\/wp-json\/wp\/v2\/posts"}],"about":[{"href":"https:\/\/fdnoaxaca.net\/index.php\/wp-json\/wp\/v2\/types\/post"}],"author":[{"embeddable":true,"href":"https:\/\/fdnoaxaca.net\/index.php\/wp-json\/wp\/v2\/users\/4"}],"replies":[{"embeddable":true,"href":"https:\/\/fdnoaxaca.net\/index.php\/wp-json\/wp\/v2\/comments?post=11910"}],"version-history":[{"count":1,"href":"https:\/\/fdnoaxaca.net\/index.php\/wp-json\/wp\/v2\/posts\/11910\/revisions"}],"predecessor-version":[{"id":11912,"href":"https:\/\/fdnoaxaca.net\/index.php\/wp-json\/wp\/v2\/posts\/11910\/revisions\/11912"}],"wp:featuredmedia":[{"embeddable":true,"href":"https:\/\/fdnoaxaca.net\/index.php\/wp-json\/wp\/v2\/media\/11911"}],"wp:attachment":[{"href":"https:\/\/fdnoaxaca.net\/index.php\/wp-json\/wp\/v2\/media?parent=11910"}],"wp:term":[{"taxonomy":"category","embeddable":true,"href":"https:\/\/fdnoaxaca.net\/index.php\/wp-json\/wp\/v2\/categories?post=11910"},{"taxonomy":"post_tag","embeddable":true,"href":"https:\/\/fdnoaxaca.net\/index.php\/wp-json\/wp\/v2\/tags?post=11910"}],"curies":[{"name":"wp","href":"https:\/\/api.w.org\/{rel}","templated":true}]}}