{"id":1202,"date":"2019-07-19T23:03:25","date_gmt":"2019-07-19T23:03:25","guid":{"rendered":"http:\/\/fdnoaxaca.net\/?p=1202"},"modified":"2019-07-19T23:03:28","modified_gmt":"2019-07-19T23:03:28","slug":"aumenta-congreso-castigo-de-hasta-cinco-anos-de-prision-por-violencia-infantil","status":"publish","type":"post","link":"https:\/\/fdnoaxaca.net\/index.php\/2019\/07\/19\/aumenta-congreso-castigo-de-hasta-cinco-anos-de-prision-por-violencia-infantil\/","title":{"rendered":"Aumenta Congreso castigo de hasta cinco a\u00f1os de prisi\u00f3n por violencia infantil"},"content":{"rendered":"\n<p>San Raymundo Jalpan, Oax. 19 de julio de 2019.- El Congreso del Estado de Oaxaca aument\u00f3 de tres a cinco a\u00f1os de prisi\u00f3n contra quien maltrate o lesione a un menor de edad.<\/p>\n\n\n\n<p>Con la reforma al art\u00edculo 281 del C\u00f3digo Penal local, se garantizar\u00e1 la integridad f\u00edsica y psicol\u00f3gica de los ni\u00f1os oaxaque\u00f1os, ya que a quien maltrate, altere la salud f\u00edsica y emocional de un menor de edad, adem\u00e1s de la pena correspondiente por las lesiones que infiera, se le aumentar\u00e1 hasta cinco a\u00f1os de prisi\u00f3n.<\/p>\n\n\n\n<p>La redacci\u00f3n del texto ya contempla que, se dictar\u00e1n las medidas necesarias e inmediatas para el tratamiento psicoterap\u00e9utico del sujeto activo del delito debiendo el juez y agente del ministerio p\u00fablico proveer lo conducente para que se cumpla esta medida.<\/p>\n\n\n\n<p>Tambi\u00e9n que, decretado el auto de vinculaci\u00f3n a proceso en contra del agresor, se le suspender\u00e1 el ejercicio de la patria potestad, de la tutela o de la guarda del menor.<\/p>\n\n\n\n<p>El dictamen, aprobado por la Comisi\u00f3n Permanente de Administraci\u00f3n y Procuraci\u00f3n de Justicia de la 64 Legislatura, establece que de acuerdo con los instrumentos internacionales y nacionales en temas relacionados con la ni\u00f1ez, se debe favorecer en todo tiempo su protecci\u00f3n m\u00e1s amplia.<\/p>\n\n\n\n<p>El documento tambi\u00e9n se\u00f1ala que el Estado tiene la obligaci\u00f3n de tomar las medidas necesarias para su debida protecci\u00f3n, por lo que a ra\u00edz de la reforma a la Constituci\u00f3n Pol\u00edtica de los Estados Unidos Mexicanos publicada en 2008, todas las entidades federativas tienen que realizar las reformas legales necesarias para estar en un \u00e1mbito de seguridad jur\u00eddica.<br>\n<\/p>\n","protected":false},"excerpt":{"rendered":"<p>San Raymundo Jalpan, Oax. 19 de julio de 2019.- El Congreso del Estado de Oaxaca aument\u00f3 de tres a cinco a\u00f1os de prisi\u00f3n contra quien maltrate o lesione a un menor de edad. Con la reforma al art\u00edculo 281 del C\u00f3digo Penal local, se garantizar\u00e1 la integridad f\u00edsica y psicol\u00f3gica de los ni\u00f1os oaxaque\u00f1os, ya&#8230;<\/p>\n","protected":false},"author":4,"featured_media":1203,"comment_status":"closed","ping_status":"closed","sticky":false,"template":"","format":"standard","meta":{"footnotes":""},"categories":[4],"tags":[],"class_list":["post-1202","post","type-post","status-publish","format-standard","has-post-thumbnail","hentry","category-general"],"_links":{"self":[{"href":"https:\/\/fdnoaxaca.net\/index.php\/wp-json\/wp\/v2\/posts\/1202","targetHints":{"allow":["GET"]}}],"collection":[{"href":"https:\/\/fdnoaxaca.net\/index.php\/wp-json\/wp\/v2\/posts"}],"about":[{"href":"https:\/\/fdnoaxaca.net\/index.php\/wp-json\/wp\/v2\/types\/post"}],"author":[{"embeddable":true,"href":"https:\/\/fdnoaxaca.net\/index.php\/wp-json\/wp\/v2\/users\/4"}],"replies":[{"embeddable":true,"href":"https:\/\/fdnoaxaca.net\/index.php\/wp-json\/wp\/v2\/comments?post=1202"}],"version-history":[{"count":1,"href":"https:\/\/fdnoaxaca.net\/index.php\/wp-json\/wp\/v2\/posts\/1202\/revisions"}],"predecessor-version":[{"id":1204,"href":"https:\/\/fdnoaxaca.net\/index.php\/wp-json\/wp\/v2\/posts\/1202\/revisions\/1204"}],"wp:featuredmedia":[{"embeddable":true,"href":"https:\/\/fdnoaxaca.net\/index.php\/wp-json\/wp\/v2\/media\/1203"}],"wp:attachment":[{"href":"https:\/\/fdnoaxaca.net\/index.php\/wp-json\/wp\/v2\/media?parent=1202"}],"wp:term":[{"taxonomy":"category","embeddable":true,"href":"https:\/\/fdnoaxaca.net\/index.php\/wp-json\/wp\/v2\/categories?post=1202"},{"taxonomy":"post_tag","embeddable":true,"href":"https:\/\/fdnoaxaca.net\/index.php\/wp-json\/wp\/v2\/tags?post=1202"}],"curies":[{"name":"wp","href":"https:\/\/api.w.org\/{rel}","templated":true}]}}