{"id":12053,"date":"2023-03-13T12:42:23","date_gmt":"2023-03-13T17:42:23","guid":{"rendered":"https:\/\/fdnoaxaca.net\/?p=12053"},"modified":"2023-03-13T12:42:26","modified_gmt":"2023-03-13T17:42:26","slug":"el-feminismo-y-la-igualdad-de-derechos","status":"publish","type":"post","link":"https:\/\/fdnoaxaca.net\/index.php\/2023\/03\/13\/el-feminismo-y-la-igualdad-de-derechos\/","title":{"rendered":"El feminismo y la igualdad de derechos"},"content":{"rendered":"\n<p>Oaxaca de Ju\u00e1rez, Oax. 13 de marzo de 2023.- \u00bfQu\u00e9 pasa con el feminismo? \u00bfQu\u00e9 sucede con quienes p\u00fablicamente defienden a las mujeres pero en la vida diaria son quienes agreden, discriminan?<\/p>\n\n\n\n<p>\u00bfQu\u00e9 tipo de violencia viven las mujeres en Oaxaca, y en todo M\u00e9xico?<br>Escuche a la periodista Paola Flores, quien este lunes comparte su investigaci\u00f3n y an\u00e1lisis sobre ello.<\/p>\n\n\n\n<p><\/p>\n\n\n\n<blockquote class=\"wp-block-quote is-layout-flow wp-block-quote-is-layout-flow\"><p><iframe loading=\"lazy\" title=\"El feminismo y la igualdad de derechos\u00a0\" width=\"640\" height=\"360\" src=\"https:\/\/www.youtube.com\/embed\/6LV8kgNSGxc?feature=oembed\" frameborder=\"0\" allow=\"accelerometer; autoplay; clipboard-write; encrypted-media; gyroscope; picture-in-picture; web-share\" referrerpolicy=\"strict-origin-when-cross-origin\" allowfullscreen><\/iframe><\/p><cite>https:\/\/youtu.be\/6LV8kgNSGxc<\/cite><\/blockquote>\n","protected":false},"excerpt":{"rendered":"<p>Oaxaca de Ju\u00e1rez, Oax. 13 de marzo de 2023.- \u00bfQu\u00e9 pasa con el feminismo? \u00bfQu\u00e9 sucede con quienes p\u00fablicamente defienden a las mujeres pero en la vida diaria son quienes agreden, discriminan? \u00bfQu\u00e9 tipo de violencia viven las mujeres en Oaxaca, y en todo M\u00e9xico?Escuche a la periodista Paola Flores, quien este lunes comparte su&#8230;<\/p>\n","protected":false},"author":4,"featured_media":12054,"comment_status":"closed","ping_status":"closed","sticky":false,"template":"","format":"standard","meta":{"footnotes":""},"categories":[51,49,53],"tags":[],"class_list":["post-12053","post","type-post","status-publish","format-standard","has-post-thumbnail","hentry","category-perspectiva","category-titulares","category-videos"],"_links":{"self":[{"href":"https:\/\/fdnoaxaca.net\/index.php\/wp-json\/wp\/v2\/posts\/12053","targetHints":{"allow":["GET"]}}],"collection":[{"href":"https:\/\/fdnoaxaca.net\/index.php\/wp-json\/wp\/v2\/posts"}],"about":[{"href":"https:\/\/fdnoaxaca.net\/index.php\/wp-json\/wp\/v2\/types\/post"}],"author":[{"embeddable":true,"href":"https:\/\/fdnoaxaca.net\/index.php\/wp-json\/wp\/v2\/users\/4"}],"replies":[{"embeddable":true,"href":"https:\/\/fdnoaxaca.net\/index.php\/wp-json\/wp\/v2\/comments?post=12053"}],"version-history":[{"count":1,"href":"https:\/\/fdnoaxaca.net\/index.php\/wp-json\/wp\/v2\/posts\/12053\/revisions"}],"predecessor-version":[{"id":12055,"href":"https:\/\/fdnoaxaca.net\/index.php\/wp-json\/wp\/v2\/posts\/12053\/revisions\/12055"}],"wp:featuredmedia":[{"embeddable":true,"href":"https:\/\/fdnoaxaca.net\/index.php\/wp-json\/wp\/v2\/media\/12054"}],"wp:attachment":[{"href":"https:\/\/fdnoaxaca.net\/index.php\/wp-json\/wp\/v2\/media?parent=12053"}],"wp:term":[{"taxonomy":"category","embeddable":true,"href":"https:\/\/fdnoaxaca.net\/index.php\/wp-json\/wp\/v2\/categories?post=12053"},{"taxonomy":"post_tag","embeddable":true,"href":"https:\/\/fdnoaxaca.net\/index.php\/wp-json\/wp\/v2\/tags?post=12053"}],"curies":[{"name":"wp","href":"https:\/\/api.w.org\/{rel}","templated":true}]}}