{"id":12056,"date":"2023-03-13T13:18:39","date_gmt":"2023-03-13T18:18:39","guid":{"rendered":"https:\/\/fdnoaxaca.net\/?p=12056"},"modified":"2023-03-13T13:18:42","modified_gmt":"2023-03-13T18:18:42","slug":"colabora-poder-judicial-en-caso-tlazoyaltepec-como-garante-del-derecho-indigena","status":"publish","type":"post","link":"https:\/\/fdnoaxaca.net\/index.php\/2023\/03\/13\/colabora-poder-judicial-en-caso-tlazoyaltepec-como-garante-del-derecho-indigena\/","title":{"rendered":"Colabora Poder Judicial en caso Tlazoyaltepec como garante del derecho ind\u00edgena"},"content":{"rendered":"\n<ul class=\"wp-block-list\"><li>El magistrado Enrique Cordero Aguilar realiz\u00f3 una visita In Situ a esa comunidad, en la atenci\u00f3n a un asunto de desv\u00edo de recursos p\u00fablicos<\/li><\/ul>\n\n\n\n<p>Oaxaca de Ju\u00e1rez, Oax. 13 de marzo de 2023.- En un hecho hist\u00f3rico y sin precedentes en Oaxaca y en el pa\u00eds, la Sala de Justicia Ind\u00edgena del Tribunal Superior de Justicia del Estado (TSJO), realiz\u00f3 una visita In Situ a la comunidad de Santiago Tlazoyaltepec, Etla, en atenci\u00f3n a una solicitud y para llevar a cabo diligencias derivadas de un asunto de desv\u00edo de recursos p\u00fablicos, planteado ante esa instancia por representantes de la asamblea comunitaria.<\/p>\n\n\n\n<p>Este tipo de visitas constituyen el m\u00e9todo m\u00e1s utilizado por organismos internacionales&nbsp;como la Organizaci\u00f3n de los Estados Americanos (OEA), la Organizaci\u00f3n de las Naciones&nbsp;Unidas (ONU), la Organizaci\u00f3n Internacional del Trabajo (OIT), entre otros, para observar los est\u00e1ndares nacionales de protecci\u00f3n de los derechos humanos.<\/p>\n\n\n\n<p>En entrevista, el presidente de la Sala de Justicia Ind\u00edgena, magistrado Luis Enrique Cordero Aguilar, explic\u00f3 que el&nbsp;objetivo&nbsp;principal&nbsp;de&nbsp;una&nbsp;observaci\u00f3n&nbsp;In Situ&nbsp;es esclarecer los hechos denunciados individual o colectivamente,&nbsp;investigar las circunstancias que los rodean y consignar estos en un informe objetivo, el que&nbsp;posteriormente se presenta ante las instancias correspondientes.&nbsp;<\/p>\n\n\n\n<p>Sobre el caso de Santiago Tlazoyaltepec, que se encuentra identificado como el tercer municipio del pa\u00eds con altos \u00edndices de marginaci\u00f3n, explic\u00f3 que la asamblea comunitaria sancion\u00f3 un acto de corrupci\u00f3n respecto a un presunto desv\u00edo de recursos p\u00fablicos por 12 millones de pesos, atribuido a las exautoridades municipales que se encuentran privadas de su libertad en la c\u00e1rcel municipal.&nbsp;<\/p>\n\n\n\n<p>Se\u00f1al\u00f3 que la pena impuesta por la asamblea fue de 20 a\u00f1os de prisi\u00f3n y trabajos comunitarios; con la opci\u00f3n de que si regresan el dinero se podr\u00eda modificar, por lo que hasta el momento los involucrados han devuelto aproximadamente la mitad del recurso y se contin\u00faan las negociaciones para una salida alterna a esta situaci\u00f3n, con la intervenci\u00f3n de autoridades del Gobierno del Estado.&nbsp;&nbsp;<\/p>\n\n\n\n<p>El magistrado Cordero Aguilar, indic\u00f3 que como parte de la agenda de la visita In Situ, a la que acudi\u00f3 la directora de Derechos Humanos del Consejo de la Judicatura, Nidia Soledad Mart\u00ednez Esteva, con apoyo de un perito m\u00e9dico se realiz\u00f3 la valoraci\u00f3n cl\u00ednica y f\u00edsica de cada uno de los detenidos, adem\u00e1s de que se instal\u00f3 una asamblea para escuchar los pobladores y proponer soluciones conjuntas, con pleno respeto a la libre determinaci\u00f3n, autonom\u00eda y justicia de esa localidad mixteca.&nbsp;<\/p>\n\n\n\n<p>Destac\u00f3 que este tipo de pr\u00e1cticas no se realizan a nivel local; sin embargo, \u201clos altos tribunales han recomendado a los tribunales de los diferentes pa\u00edses que las realicen y no sean tribunales de escritorio y de oficina, sino ir a los lugares a conocer directamente los problemas y hablar con la gente\u201d.&nbsp;<\/p>\n\n\n\n<p>Previo a la visita, la Sala de Justicia Ind\u00edgena tambi\u00e9n llev\u00f3 a cabo una audiencia <em>Amicus Curiae<\/em>&nbsp;en su sede en Ciudad Judicial, con expertos en derechos humanos.<\/p>\n","protected":false},"excerpt":{"rendered":"<p>El magistrado Enrique Cordero Aguilar realiz\u00f3 una visita In Situ a esa comunidad, en la atenci\u00f3n a un asunto de desv\u00edo de recursos p\u00fablicos Oaxaca de Ju\u00e1rez, Oax. 13 de marzo de 2023.- En un hecho hist\u00f3rico y sin precedentes en Oaxaca y en el pa\u00eds, la Sala de Justicia Ind\u00edgena del Tribunal Superior de&#8230;<\/p>\n","protected":false},"author":4,"featured_media":12057,"comment_status":"closed","ping_status":"closed","sticky":false,"template":"","format":"standard","meta":{"footnotes":""},"categories":[49],"tags":[],"class_list":["post-12056","post","type-post","status-publish","format-standard","has-post-thumbnail","hentry","category-titulares"],"_links":{"self":[{"href":"https:\/\/fdnoaxaca.net\/index.php\/wp-json\/wp\/v2\/posts\/12056","targetHints":{"allow":["GET"]}}],"collection":[{"href":"https:\/\/fdnoaxaca.net\/index.php\/wp-json\/wp\/v2\/posts"}],"about":[{"href":"https:\/\/fdnoaxaca.net\/index.php\/wp-json\/wp\/v2\/types\/post"}],"author":[{"embeddable":true,"href":"https:\/\/fdnoaxaca.net\/index.php\/wp-json\/wp\/v2\/users\/4"}],"replies":[{"embeddable":true,"href":"https:\/\/fdnoaxaca.net\/index.php\/wp-json\/wp\/v2\/comments?post=12056"}],"version-history":[{"count":1,"href":"https:\/\/fdnoaxaca.net\/index.php\/wp-json\/wp\/v2\/posts\/12056\/revisions"}],"predecessor-version":[{"id":12058,"href":"https:\/\/fdnoaxaca.net\/index.php\/wp-json\/wp\/v2\/posts\/12056\/revisions\/12058"}],"wp:featuredmedia":[{"embeddable":true,"href":"https:\/\/fdnoaxaca.net\/index.php\/wp-json\/wp\/v2\/media\/12057"}],"wp:attachment":[{"href":"https:\/\/fdnoaxaca.net\/index.php\/wp-json\/wp\/v2\/media?parent=12056"}],"wp:term":[{"taxonomy":"category","embeddable":true,"href":"https:\/\/fdnoaxaca.net\/index.php\/wp-json\/wp\/v2\/categories?post=12056"},{"taxonomy":"post_tag","embeddable":true,"href":"https:\/\/fdnoaxaca.net\/index.php\/wp-json\/wp\/v2\/tags?post=12056"}],"curies":[{"name":"wp","href":"https:\/\/api.w.org\/{rel}","templated":true}]}}