{"id":12154,"date":"2023-03-23T17:15:09","date_gmt":"2023-03-23T22:15:09","guid":{"rendered":"https:\/\/fdnoaxaca.net\/?p=12154"},"modified":"2023-03-23T17:15:13","modified_gmt":"2023-03-23T22:15:13","slug":"resuelve-sala-xalapa-que-diputada-sea-integrada-a-la-jucopo-del-congreso-de-oaxaca","status":"publish","type":"post","link":"https:\/\/fdnoaxaca.net\/index.php\/2023\/03\/23\/resuelve-sala-xalapa-que-diputada-sea-integrada-a-la-jucopo-del-congreso-de-oaxaca\/","title":{"rendered":"Resuelve Sala Xalapa que diputada sea integrada a la Jucopo del Congreso de Oaxaca"},"content":{"rendered":"\n<p>Oaxaca de Ju\u00e1rez, Oax. 23 de marzo de 2023.- La Sala Regional Xalapa del Tribunal Electoral del Poder Judicial de la Federaci\u00f3n (TEPJF) resolvi\u00f3 que la diputada de Nueva Alianza, Adriana Altamirano Rosales, sea integrada a la Junta de Coordinaci\u00f3n Pol\u00edtica (Jucopo) del Congreso de Oaxaca.&nbsp;<\/p>\n\n\n\n<p>Ello al confirmar la sentencia emitida por el Tribunal Electoral del Estado de Oaxaca (TEEO) en el expediente JDC\/05\/2023, que revoc\u00f3 la determinaci\u00f3n de la Jucopo del Congreso del estado oaxaque\u00f1o a efectos de que se pronunciara sobre la incorporaci\u00f3n de la legisladora de Nueva Alianza a la Jucopo de la 65 Legislatura.<\/p>\n\n\n\n<p>El Pleno de la Sala explic\u00f3 que, contrario a lo indicado por el presidente de la Jucopo, Luis Alfonso Silva Romo, el TEEO s\u00ed era competente para pronunciarse sobre la exclusi\u00f3n de dicha diputada en la integraci\u00f3n del \u00f3rgano de gobierno parlamentario del Poder Legislativo de Oaxaca.&nbsp;<\/p>\n\n\n\n<p>\u201cPorque dicho tema no era meramente pol\u00edtico y de organizaci\u00f3n interna del Congreso del Estado, sino que era parte de la materia electoral, al estar involucrado el derecho pol\u00edtico-electoral a ser votado, en la vertiente del ejercicio del cargo de una diputaci\u00f3n\u201d, determin\u00f3 la Sala Xalapa.&nbsp;<\/p>\n\n\n\n<p>Tras esta resoluci\u00f3n, la diputada Altamirano Rosales expuso en tribuna en sesi\u00f3n ordinaria de la 65 Legislatura local, que espera que se cumpla la sentencia y no se contin\u00faen vulnerando los derechos pol\u00edtico-electorales de las mujeres.<\/p>\n\n\n\n<blockquote class=\"wp-block-quote is-layout-flow wp-block-quote-is-layout-flow\"><p><blockquote class=\"twitter-tweet\" data-width=\"550\" data-dnt=\"true\"><p lang=\"es\" dir=\"ltr\">La <a href=\"https:\/\/twitter.com\/TEPJF_XAL?ref_src=twsrc%5Etfw\">@TEPJF_XAL<\/a> tambi\u00e9n resolvi\u00f3 que la diputada <a href=\"https:\/\/twitter.com\/adyalt?ref_src=twsrc%5Etfw\">@adyalt<\/a> sea integrada a la <a href=\"https:\/\/twitter.com\/hashtag\/Jucopo?src=hash&amp;ref_src=twsrc%5Etfw\">#Jucopo<\/a> del <a href=\"https:\/\/twitter.com\/CongresoOaxaca_?ref_src=twsrc%5Etfw\">@CongresoOaxaca_<\/a>; tras ello, la legisladora dijo que espera que la 65 Legislatura acate la sentencia. <a href=\"https:\/\/twitter.com\/hashtag\/TwitterOax?src=hash&amp;ref_src=twsrc%5Etfw\">#TwitterOax<\/a> <a href=\"https:\/\/t.co\/t2LEapIl8s\">pic.twitter.com\/t2LEapIl8s<\/a><\/p>&mdash; FDN Oaxaca (@FDN_Oaxaca) <a href=\"https:\/\/twitter.com\/FDN_Oaxaca\/status\/1638950928693997570?ref_src=twsrc%5Etfw\">March 23, 2023<\/a><\/blockquote><script async src=\"https:\/\/platform.twitter.com\/widgets.js\" charset=\"utf-8\"><\/script><\/p><\/blockquote>\n","protected":false},"excerpt":{"rendered":"<p>Oaxaca de Ju\u00e1rez, Oax. 23 de marzo de 2023.- La Sala Regional Xalapa del Tribunal Electoral del Poder Judicial de la Federaci\u00f3n (TEPJF) resolvi\u00f3 que la diputada de Nueva Alianza, Adriana Altamirano Rosales, sea integrada a la Junta de Coordinaci\u00f3n Pol\u00edtica (Jucopo) del Congreso de Oaxaca.&nbsp; Ello al confirmar la sentencia emitida por el Tribunal&#8230;<\/p>\n","protected":false},"author":4,"featured_media":12155,"comment_status":"closed","ping_status":"closed","sticky":false,"template":"","format":"standard","meta":{"footnotes":""},"categories":[49],"tags":[],"class_list":["post-12154","post","type-post","status-publish","format-standard","has-post-thumbnail","hentry","category-titulares"],"_links":{"self":[{"href":"https:\/\/fdnoaxaca.net\/index.php\/wp-json\/wp\/v2\/posts\/12154","targetHints":{"allow":["GET"]}}],"collection":[{"href":"https:\/\/fdnoaxaca.net\/index.php\/wp-json\/wp\/v2\/posts"}],"about":[{"href":"https:\/\/fdnoaxaca.net\/index.php\/wp-json\/wp\/v2\/types\/post"}],"author":[{"embeddable":true,"href":"https:\/\/fdnoaxaca.net\/index.php\/wp-json\/wp\/v2\/users\/4"}],"replies":[{"embeddable":true,"href":"https:\/\/fdnoaxaca.net\/index.php\/wp-json\/wp\/v2\/comments?post=12154"}],"version-history":[{"count":1,"href":"https:\/\/fdnoaxaca.net\/index.php\/wp-json\/wp\/v2\/posts\/12154\/revisions"}],"predecessor-version":[{"id":12156,"href":"https:\/\/fdnoaxaca.net\/index.php\/wp-json\/wp\/v2\/posts\/12154\/revisions\/12156"}],"wp:featuredmedia":[{"embeddable":true,"href":"https:\/\/fdnoaxaca.net\/index.php\/wp-json\/wp\/v2\/media\/12155"}],"wp:attachment":[{"href":"https:\/\/fdnoaxaca.net\/index.php\/wp-json\/wp\/v2\/media?parent=12154"}],"wp:term":[{"taxonomy":"category","embeddable":true,"href":"https:\/\/fdnoaxaca.net\/index.php\/wp-json\/wp\/v2\/categories?post=12154"},{"taxonomy":"post_tag","embeddable":true,"href":"https:\/\/fdnoaxaca.net\/index.php\/wp-json\/wp\/v2\/tags?post=12154"}],"curies":[{"name":"wp","href":"https:\/\/api.w.org\/{rel}","templated":true}]}}