{"id":12157,"date":"2023-03-23T19:09:14","date_gmt":"2023-03-24T00:09:14","guid":{"rendered":"https:\/\/fdnoaxaca.net\/?p=12157"},"modified":"2023-03-23T19:09:18","modified_gmt":"2023-03-24T00:09:18","slug":"presentan-el-libro-dialogos-interculturales-para-la-participacion-politica-de-las-mujeres","status":"publish","type":"post","link":"https:\/\/fdnoaxaca.net\/index.php\/2023\/03\/23\/presentan-el-libro-dialogos-interculturales-para-la-participacion-politica-de-las-mujeres\/","title":{"rendered":"Presentan el libro \u201cDi\u00e1logos interculturales para la participaci\u00f3n pol\u00edtica de las mujeres\u201d"},"content":{"rendered":"\n<ul class=\"wp-block-list\"><li>Los retos para la participaci\u00f3n pol\u00edtica de las mujeres demandan permanente di\u00e1logo entre culturas y la escucha ininterrumpida de las instituciones.  <\/li><\/ul>\n\n\n\n<p>Oaxaca de Ju\u00e1rez, Oax. 23 de marzo de 2023.- Con el prop\u00f3sito de documentar desde su voz propia a las mujeres que luchan por el ejercicio efectivo de la participaci\u00f3n pol\u00edtica en su comunidad, as\u00ed como conocer por su experiencia los retos, alcances y obst\u00e1culos en torno a la igualdad y paridad, se present\u00f3 el libro \u201cDi\u00e1logos interculturales para la participaci\u00f3n pol\u00edtica de las mujeres\u201d. <\/p>\n\n\n\n<p>Durante el evento, realizado en el Instituto Estatal Electoral y de Participaci\u00f3n Ciudadana de Oaxaca (IEEPCO), la investigadora Margarita Dalton Palomo, coordinadora de este libro, se\u00f1al\u00f3 que se trata de una publicaci\u00f3n que re\u00fane los testimonios y reflexiones de mujeres que han sido autoridades en municipios ind\u00edgenas y afromexicanos de Oaxaca.  <\/p>\n\n\n\n<p>\u201cLa idea era entender y saber qu\u00e9 es lo que piensan diferentes mujeres en comunidades con una gran diversidad cultural, escuchar sus respuestas, transcribirlas, editarlas y despu\u00e9s enviarlo a las participantes para su anuencia, ya que ellas son las protagonistas de este esfuerzo\u201d, apunt\u00f3. <\/p>\n\n\n\n<p>En tanto, la acad\u00e9mica y moderadora de la presentaci\u00f3n, Aline Castellanos, destac\u00f3 que el trabajo intelectual y los conocimientos de las mujeres ind\u00edgenas, que desde sus comunidades construyen la democracia, deben ser nombrados, para otorgarles el reconocimiento que las coloque como intelectuales, pensadoras y pol\u00edticas ind\u00edgenas, en una interlocuci\u00f3n horizontal con las instituciones, con la academia y con las organizaciones. <\/p>\n\n\n\n<p>Durante su intervenci\u00f3n, Carolina V\u00e1squez, reconoci\u00f3 a las mujeres autoras cuyos testimonios aparecen en el libro: Regina Alav\u00e9z Hern\u00e1ndez, Susana Alvarado Lozano, Leticia Baloes Guti\u00e9rrez, Rosa Mar\u00eda Castro Salinas, Fel\u00edcitas Cruz Bautista, Flora Guti\u00e9rrez Guti\u00e9rrez, Marcela Merino Garc\u00eda, Sof\u00eda Robles, Irene Santos L\u00f3pez, Carolina V\u00e1squez y Maricela Zurita Cruz.  <\/p>\n\n\n\n<p>\u201cSin duda han dejado plasmadas las experiencias que permiten mirar esos horizontes diversos de hacer pol\u00edtica que existen en Oaxaca; buscar entender estos horizontes, nos llevar\u00e1 a preguntarnos \u00bfqu\u00e9 es hacer pol\u00edtica? \u00bfdesde d\u00f3nde se hace pol\u00edtica? Y la reflexi\u00f3n abonar\u00e1 a superar el reto institucional de materializar los derechos de las mujeres que, a la luz de los acontecimientos hist\u00f3ricos, se reclaman como mujeres plurales\u201d, dijo. <\/p>\n\n\n\n<figure class=\"wp-block-image\"><img loading=\"lazy\" decoding=\"async\" width=\"850\" height=\"425\" src=\"https:\/\/fdnoaxaca.net\/wp-content\/uploads\/2023\/03\/Picsart_23-03-23_18-06-52-946.jpg\" alt=\"\" class=\"wp-image-12159\" srcset=\"https:\/\/fdnoaxaca.net\/wp-content\/uploads\/2023\/03\/Picsart_23-03-23_18-06-52-946.jpg 850w, https:\/\/fdnoaxaca.net\/wp-content\/uploads\/2023\/03\/Picsart_23-03-23_18-06-52-946-300x150.jpg 300w, https:\/\/fdnoaxaca.net\/wp-content\/uploads\/2023\/03\/Picsart_23-03-23_18-06-52-946-768x384.jpg 768w\" sizes=\"auto, (max-width: 850px) 100vw, 850px\" \/><\/figure>\n\n\n\n<p>En tanto, la escritora y acad\u00e9mica, Maricela Zurita Cruz, refiri\u00f3 que \u201ceste es un libro que hay que leer con el coraz\u00f3n, despoj\u00e1ndonos de todo lo que creemos saber, para poder encontrar coincidencias, para poder tomar decisiones, para poder generar estrategias que abonen, pues no s\u00f3lo se comparten reflexiones, son experiencias, son historias de mujeres que les interesa el bienestar de las mujeres, cada una lo ha hecho desde diferentes condiciones y, todas ellas, son v\u00e1lidas\u201d.  <\/p>\n\n\n\n<p>En este sentido, tambi\u00e9n hizo un llamado a las instituciones para que se fortalezca un verdadero acompa\u00f1amiento a las mujeres que participan en la vida pol\u00edtica en sus comunidades y que busquen comprender los contextos en los que desarrolla dicha participaci\u00f3n.  <\/p>\n\n\n\n<p>\u201cEs un texto de contextos\u201d, concluy\u00f3 la doctora Margarita Dalton. Desde su \u00f3ptica, el estudio de la pr\u00e1ctica, teorizada en la academia o en los instrumentos jur\u00eddicos, es trascendental cuando se vive un panorama cultural tan diverso como el oaxaque\u00f1o y, en general, el mexicano.  <\/p>\n\n\n\n<p>La publicaci\u00f3n de este texto, en el marco del Seminario Permanente de G\u00e9nero del CIESAS-Pac\u00edfico Sur, ha sido financiada por el Tribunal Electoral del Poder Judicial de la Federaci\u00f3n (TEPJF), el Instituto Nacional de la Mujeres (INMUJERES), y el Centro de Investigaciones y Estudios Superiores en Antropolog\u00eda Social (CIESAS).  <\/p>\n\n\n\n<p>Al encuentro asistieron la presidenta del IEEPCO, Elizabeth S\u00e1nchez Gonz\u00e1lez, la consejera electoral Zaira Hip\u00f3lito L\u00f3pez, los consejeros electorales Alejandro Carrasco Sampedro y Wilfrido Almaraz; la presidenta del Tribunal Electoral del Estado de Oaxaca, Elizabeth Bautista Velasco; y la titular de la Secretar\u00eda de las Mujeres del estado de Oaxaca, Elisa Zepeda Lagunas.   <\/p>\n\n\n\n<p>El libro puede ser descargado de forma gratuita en el siguiente enlace: https:\/\/www.te.gob.mx\/publicaciones\/contenidos\/2178<\/p>\n\n\n\n<figure class=\"wp-block-image\"><img loading=\"lazy\" decoding=\"async\" width=\"850\" height=\"566\" src=\"https:\/\/fdnoaxaca.net\/wp-content\/uploads\/2023\/03\/Picsart_23-03-23_18-06-27-915.jpg\" alt=\"\" class=\"wp-image-12160\" srcset=\"https:\/\/fdnoaxaca.net\/wp-content\/uploads\/2023\/03\/Picsart_23-03-23_18-06-27-915.jpg 850w, https:\/\/fdnoaxaca.net\/wp-content\/uploads\/2023\/03\/Picsart_23-03-23_18-06-27-915-300x200.jpg 300w, https:\/\/fdnoaxaca.net\/wp-content\/uploads\/2023\/03\/Picsart_23-03-23_18-06-27-915-768x511.jpg 768w, https:\/\/fdnoaxaca.net\/wp-content\/uploads\/2023\/03\/Picsart_23-03-23_18-06-27-915-600x400.jpg 600w, https:\/\/fdnoaxaca.net\/wp-content\/uploads\/2023\/03\/Picsart_23-03-23_18-06-27-915-272x182.jpg 272w\" sizes=\"auto, (max-width: 850px) 100vw, 850px\" \/><\/figure>\n","protected":false},"excerpt":{"rendered":"<p>Los retos para la participaci\u00f3n pol\u00edtica de las mujeres demandan permanente di\u00e1logo entre culturas y la escucha ininterrumpida de las instituciones. Oaxaca de Ju\u00e1rez, Oax. 23 de marzo de 2023.- Con el prop\u00f3sito de documentar desde su voz propia a las mujeres que luchan por el ejercicio efectivo de la participaci\u00f3n pol\u00edtica en su comunidad,&#8230;<\/p>\n","protected":false},"author":4,"featured_media":12158,"comment_status":"closed","ping_status":"closed","sticky":false,"template":"","format":"standard","meta":{"footnotes":""},"categories":[4],"tags":[],"class_list":["post-12157","post","type-post","status-publish","format-standard","has-post-thumbnail","hentry","category-general"],"_links":{"self":[{"href":"https:\/\/fdnoaxaca.net\/index.php\/wp-json\/wp\/v2\/posts\/12157","targetHints":{"allow":["GET"]}}],"collection":[{"href":"https:\/\/fdnoaxaca.net\/index.php\/wp-json\/wp\/v2\/posts"}],"about":[{"href":"https:\/\/fdnoaxaca.net\/index.php\/wp-json\/wp\/v2\/types\/post"}],"author":[{"embeddable":true,"href":"https:\/\/fdnoaxaca.net\/index.php\/wp-json\/wp\/v2\/users\/4"}],"replies":[{"embeddable":true,"href":"https:\/\/fdnoaxaca.net\/index.php\/wp-json\/wp\/v2\/comments?post=12157"}],"version-history":[{"count":1,"href":"https:\/\/fdnoaxaca.net\/index.php\/wp-json\/wp\/v2\/posts\/12157\/revisions"}],"predecessor-version":[{"id":12161,"href":"https:\/\/fdnoaxaca.net\/index.php\/wp-json\/wp\/v2\/posts\/12157\/revisions\/12161"}],"wp:featuredmedia":[{"embeddable":true,"href":"https:\/\/fdnoaxaca.net\/index.php\/wp-json\/wp\/v2\/media\/12158"}],"wp:attachment":[{"href":"https:\/\/fdnoaxaca.net\/index.php\/wp-json\/wp\/v2\/media?parent=12157"}],"wp:term":[{"taxonomy":"category","embeddable":true,"href":"https:\/\/fdnoaxaca.net\/index.php\/wp-json\/wp\/v2\/categories?post=12157"},{"taxonomy":"post_tag","embeddable":true,"href":"https:\/\/fdnoaxaca.net\/index.php\/wp-json\/wp\/v2\/tags?post=12157"}],"curies":[{"name":"wp","href":"https:\/\/api.w.org\/{rel}","templated":true}]}}