{"id":1228,"date":"2019-07-22T15:31:48","date_gmt":"2019-07-22T15:31:48","guid":{"rendered":"http:\/\/fdnoaxaca.net\/?p=1228"},"modified":"2019-07-22T15:31:52","modified_gmt":"2019-07-22T15:31:52","slug":"viven-oaxaquenos-y-turistas-la-guelaguetza","status":"publish","type":"post","link":"https:\/\/fdnoaxaca.net\/index.php\/2019\/07\/22\/viven-oaxaquenos-y-turistas-la-guelaguetza\/","title":{"rendered":"Viven oaxaque\u00f1os y turistas la Guelaguetza"},"content":{"rendered":"\n<figure class=\"wp-block-embed-facebook wp-block-embed is-type-video is-provider-facebook\"><div class=\"wp-block-embed__wrapper\">\nhttps:\/\/www.facebook.com\/CrisaraTelevision\/videos\/2412190135506513\/\n<\/div><\/figure>\n\n\n\n<p>Oaxaca de Ju\u00e1rez, Oax. 22 de julio de 2019.- Con la diversidad pluri\u00e9tnica de Oaxaca, este lunes comenz\u00f3 la Guelaguetza 2019 en la rotonda de la Azucena.<\/p>\n\n\n\n<p>Para este primer Lunes del Cerro participan 23 delegaciones representantes de las ocho regiones de Oaxaca.<\/p>\n\n\n\n<p>La fiesta pluri\u00e9tnica m\u00e1s representativa de la Guelaguetza empez\u00f3 con la representaci\u00f3n de la &#8220;Diosa Cent\u00e9otl&#8221;. A la fiesta como invitada especial asiste la oaxaque\u00f1a Yalitza Aparicio, nombrada embajadora de Oaxaca por el gobernador del estado Alejandro Murat Hinojosa.<\/p>\n\n\n\n<p>Este d\u00eda oaxaque\u00f1os y turistas podr\u00e1n disfrutar de los sones, bailes y jarabes de las delegaciones de las Chinas Oaxaque\u00f1as, Chicapa de Castro, Chalcatongo de Hidalgo, Sola de Vega, Tlaxiaco, Santa Mar\u00eda Tlahuiltoltepec, Zaachila, San Pedro Pochutla, Tuxtepec, San Pedro Comitancillo, Ocotl\u00e1n de Morelos, Putla Villa de Guerrero. <\/p>\n\n\n\n<p>San Blas Atempa, Ejutla de Crespo, San Sebasti\u00e1n Tecomaxtlahuaca, San Felipe Usila, San Juan Lachao Juquila, San Bartolo Coyotepec, Huautla de Jim\u00e9nez, San Francisco Sola, San Pedro Huilotepec y Santiago Jamiltepec. <\/p>\n\n\n\n<p>Por su parte, la Secci\u00f3n 22 del Sindicato Nacional de Trabajadores de la Educaci\u00f3n (SNTE) tambi\u00e9n celebrar\u00e1 la edici\u00f3n 14 de la Guelaguetza Magisterial y Popular, en el estadio de f\u00fatbol del Instituto Tecnol\u00f3gico de Oaxaca. <br><\/p>\n","protected":false},"excerpt":{"rendered":"<p>Oaxaca de Ju\u00e1rez, Oax. 22 de julio de 2019.- Con la diversidad pluri\u00e9tnica de Oaxaca, este lunes comenz\u00f3 la Guelaguetza 2019 en la rotonda de la Azucena. Para este primer Lunes del Cerro participan 23 delegaciones representantes de las ocho regiones de Oaxaca. La fiesta pluri\u00e9tnica m\u00e1s representativa de la Guelaguetza empez\u00f3 con la representaci\u00f3n&#8230;<\/p>\n","protected":false},"author":4,"featured_media":1230,"comment_status":"closed","ping_status":"closed","sticky":false,"template":"","format":"standard","meta":{"footnotes":""},"categories":[49],"tags":[],"class_list":["post-1228","post","type-post","status-publish","format-standard","has-post-thumbnail","hentry","category-titulares"],"_links":{"self":[{"href":"https:\/\/fdnoaxaca.net\/index.php\/wp-json\/wp\/v2\/posts\/1228","targetHints":{"allow":["GET"]}}],"collection":[{"href":"https:\/\/fdnoaxaca.net\/index.php\/wp-json\/wp\/v2\/posts"}],"about":[{"href":"https:\/\/fdnoaxaca.net\/index.php\/wp-json\/wp\/v2\/types\/post"}],"author":[{"embeddable":true,"href":"https:\/\/fdnoaxaca.net\/index.php\/wp-json\/wp\/v2\/users\/4"}],"replies":[{"embeddable":true,"href":"https:\/\/fdnoaxaca.net\/index.php\/wp-json\/wp\/v2\/comments?post=1228"}],"version-history":[{"count":2,"href":"https:\/\/fdnoaxaca.net\/index.php\/wp-json\/wp\/v2\/posts\/1228\/revisions"}],"predecessor-version":[{"id":1231,"href":"https:\/\/fdnoaxaca.net\/index.php\/wp-json\/wp\/v2\/posts\/1228\/revisions\/1231"}],"wp:featuredmedia":[{"embeddable":true,"href":"https:\/\/fdnoaxaca.net\/index.php\/wp-json\/wp\/v2\/media\/1230"}],"wp:attachment":[{"href":"https:\/\/fdnoaxaca.net\/index.php\/wp-json\/wp\/v2\/media?parent=1228"}],"wp:term":[{"taxonomy":"category","embeddable":true,"href":"https:\/\/fdnoaxaca.net\/index.php\/wp-json\/wp\/v2\/categories?post=1228"},{"taxonomy":"post_tag","embeddable":true,"href":"https:\/\/fdnoaxaca.net\/index.php\/wp-json\/wp\/v2\/tags?post=1228"}],"curies":[{"name":"wp","href":"https:\/\/api.w.org\/{rel}","templated":true}]}}