{"id":1242,"date":"2019-07-23T21:37:39","date_gmt":"2019-07-23T21:37:39","guid":{"rendered":"http:\/\/fdnoaxaca.net\/?p=1242"},"modified":"2019-07-23T21:37:42","modified_gmt":"2019-07-23T21:37:42","slug":"desaparecen-dos-menores-en-la-central-de-abasto-en-la-ciudad-de-oaxaca","status":"publish","type":"post","link":"https:\/\/fdnoaxaca.net\/index.php\/2019\/07\/23\/desaparecen-dos-menores-en-la-central-de-abasto-en-la-ciudad-de-oaxaca\/","title":{"rendered":"Desaparecen dos menores en la Central de Abasto en la ciudad de Oaxaca"},"content":{"rendered":"\n<p>Oaxaca de Ju\u00e1rez, Oax.- Dos menores de edad desaparecieron el domingo en la Central de Abasto en la ciudad de Oaxaca.<\/p>\n\n\n\n<p>Se trata de Miriam Alondra Trujillo Miguel, de 12 a\u00f1os, y Juan Fernando Miguel Tierra, de 17 a\u00f1os, de acuerdo con la ficha informativa de la Unidad de B\u00fasqueda de Personas Desaparecidas y No Localizadas, de la Fiscal\u00eda General de Justicia de Oaxaca.<\/p>\n\n\n\n<figure class=\"wp-block-image\"><img loading=\"lazy\" decoding=\"async\" width=\"1024\" height=\"877\" src=\"http:\/\/fdnoaxaca.net\/wp-content\/uploads\/2019\/07\/PicsArt_07-23-04.44.35-1024x877.jpg\" alt=\"\" class=\"wp-image-1243\" srcset=\"https:\/\/fdnoaxaca.net\/wp-content\/uploads\/2019\/07\/PicsArt_07-23-04.44.35-1024x877.jpg 1024w, https:\/\/fdnoaxaca.net\/wp-content\/uploads\/2019\/07\/PicsArt_07-23-04.44.35-300x257.jpg 300w, https:\/\/fdnoaxaca.net\/wp-content\/uploads\/2019\/07\/PicsArt_07-23-04.44.35-768x657.jpg 768w, https:\/\/fdnoaxaca.net\/wp-content\/uploads\/2019\/07\/PicsArt_07-23-04.44.35.jpg 1063w\" sizes=\"auto, (max-width: 1024px) 100vw, 1024px\" \/><\/figure>\n\n\n\n<p>La ni\u00f1a fue vista por \u00faltima vez el domingo 21 de julio frente a la tienda Pasthigel, en la Central de Abasto, mientras el joven desapareci\u00f3 en Perif\u00e9rico.<\/p>\n\n\n\n<p>Miriam es de complexi\u00f3n regular, mide a aproximadamente 1.40 metros, es de tez morena clara, su rostro es redondo, ojos de color caf\u00e9 obscuros y tiene cabello de color negro. Como se\u00f1as particulares en la ceja derecha tiene una cicatriz en forma vertical de dos cent\u00edmetros y en la parte de la columna lumbar tiene un lunar de nacimiento de color caf\u00e9 oscuro. <\/p>\n\n\n\n<p>Juan es de complexi\u00f3n delgada, mide 1.65 metros, es de tez morena clara, tiene rostro redondo, ojos peque\u00f1os de color caf\u00e9 oscuro, ment\u00f3n ovalado, y cabello lacio. Como se\u00f1a particular, en el abdomen de lado derecho tiene una cicatriz a causa de cirug\u00eda.<\/p>\n\n\n\n<figure class=\"wp-block-image\"><img loading=\"lazy\" decoding=\"async\" width=\"1024\" height=\"926\" src=\"http:\/\/fdnoaxaca.net\/wp-content\/uploads\/2019\/07\/PicsArt_07-23-04.43.42-1024x926.jpg\" alt=\"\" class=\"wp-image-1244\" srcset=\"https:\/\/fdnoaxaca.net\/wp-content\/uploads\/2019\/07\/PicsArt_07-23-04.43.42-1024x926.jpg 1024w, https:\/\/fdnoaxaca.net\/wp-content\/uploads\/2019\/07\/PicsArt_07-23-04.43.42-300x271.jpg 300w, https:\/\/fdnoaxaca.net\/wp-content\/uploads\/2019\/07\/PicsArt_07-23-04.43.42-768x694.jpg 768w, https:\/\/fdnoaxaca.net\/wp-content\/uploads\/2019\/07\/PicsArt_07-23-04.43.42.jpg 1063w\" sizes=\"auto, (max-width: 1024px) 100vw, 1024px\" \/><\/figure>\n\n\n\n<p>Si conoce a los menores y sabe algo de ellos, avise a los n\u00fameros telef\u00f3nicos 01 800 00 77628 y 951 164 64 34.<br><br><\/p>\n","protected":false},"excerpt":{"rendered":"<p>Oaxaca de Ju\u00e1rez, Oax.- Dos menores de edad desaparecieron el domingo en la Central de Abasto en la ciudad de Oaxaca. Se trata de Miriam Alondra Trujillo Miguel, de 12 a\u00f1os, y Juan Fernando Miguel Tierra, de 17 a\u00f1os, de acuerdo con la ficha informativa de la Unidad de B\u00fasqueda de Personas Desaparecidas y No&#8230;<\/p>\n","protected":false},"author":4,"featured_media":1245,"comment_status":"closed","ping_status":"closed","sticky":false,"template":"","format":"standard","meta":{"footnotes":""},"categories":[4],"tags":[],"class_list":["post-1242","post","type-post","status-publish","format-standard","has-post-thumbnail","hentry","category-general"],"_links":{"self":[{"href":"https:\/\/fdnoaxaca.net\/index.php\/wp-json\/wp\/v2\/posts\/1242","targetHints":{"allow":["GET"]}}],"collection":[{"href":"https:\/\/fdnoaxaca.net\/index.php\/wp-json\/wp\/v2\/posts"}],"about":[{"href":"https:\/\/fdnoaxaca.net\/index.php\/wp-json\/wp\/v2\/types\/post"}],"author":[{"embeddable":true,"href":"https:\/\/fdnoaxaca.net\/index.php\/wp-json\/wp\/v2\/users\/4"}],"replies":[{"embeddable":true,"href":"https:\/\/fdnoaxaca.net\/index.php\/wp-json\/wp\/v2\/comments?post=1242"}],"version-history":[{"count":1,"href":"https:\/\/fdnoaxaca.net\/index.php\/wp-json\/wp\/v2\/posts\/1242\/revisions"}],"predecessor-version":[{"id":1246,"href":"https:\/\/fdnoaxaca.net\/index.php\/wp-json\/wp\/v2\/posts\/1242\/revisions\/1246"}],"wp:featuredmedia":[{"embeddable":true,"href":"https:\/\/fdnoaxaca.net\/index.php\/wp-json\/wp\/v2\/media\/1245"}],"wp:attachment":[{"href":"https:\/\/fdnoaxaca.net\/index.php\/wp-json\/wp\/v2\/media?parent=1242"}],"wp:term":[{"taxonomy":"category","embeddable":true,"href":"https:\/\/fdnoaxaca.net\/index.php\/wp-json\/wp\/v2\/categories?post=1242"},{"taxonomy":"post_tag","embeddable":true,"href":"https:\/\/fdnoaxaca.net\/index.php\/wp-json\/wp\/v2\/tags?post=1242"}],"curies":[{"name":"wp","href":"https:\/\/api.w.org\/{rel}","templated":true}]}}