{"id":1260,"date":"2019-07-27T19:18:22","date_gmt":"2019-07-27T19:18:22","guid":{"rendered":"http:\/\/fdnoaxaca.net\/?p=1260"},"modified":"2019-07-27T19:18:25","modified_gmt":"2019-07-27T19:18:25","slug":"guelaguetza-y-medios-publicos","status":"publish","type":"post","link":"https:\/\/fdnoaxaca.net\/index.php\/2019\/07\/27\/guelaguetza-y-medios-publicos\/","title":{"rendered":"Guelaguetza y medios p\u00fablicos"},"content":{"rendered":"\n<p>Oaxaca de Ju\u00e1rez, Oax. 27 de julio de 2019.- La Guelaguetza no s\u00f3lo representa \u2013 por encima de carnavales y dem\u00e1s actos masivos en otros pa\u00edses \u2013 la m\u00e1s grande fiesta cultural de Latinoam\u00e9rica, sino tambi\u00e9n es el producto televisivo modelo para los medios p\u00fablicos en M\u00e9xico. <\/p>\n\n\n\n<p>Una de las caracter\u00edsticas de esta festividad oaxaque\u00f1a es la de contar con diversos canales de difusi\u00f3n que, por aire y por tierra, replican la tradici\u00f3n. A lo largo del a\u00f1o, pero sobretodo en julio, la cantidad de actividades alternas derivadas de la Guelaguetza son incalculables. Y es que existen en los 570 municipios de Oaxaca, en cada localidad y en cada n\u00facleo poblacional, de manera permanente, representaciones del Lunes del cerro, de Donaj\u00ed La leyenda, de las calendas y de los desfiles tradicionales. Adem\u00e1s, se realizan en escuelas, bodas, actividades acad\u00e9micas y culturales, fiestas y expos. <br><\/p>\n\n\n\n<p>El fen\u00f3meno anterior genera que existan distintas audiencias cautivadas por este producto cuyo m\u00e1ximo usufructo lo tienen en el mes de julio tanto el Gobierno del Estado de Oaxaca como el medio p\u00fablico de la entidad, en este caso, la Corporaci\u00f3n Oaxaque\u00f1a de Radio y Televisi\u00f3n (CORTV). El modelo es ejemplar porque permite que, a trav\u00e9s de un medio de comunicaci\u00f3n de perfil p\u00fablico, un insumo cultural como la Guelaguetza llegue a millones de espectadores y espectadoras de Oaxaca, M\u00e9xico y de todo el mundo, principalmente de los Estados Unidos. <br><\/p>\n\n\n\n<figure class=\"wp-block-image\"><img loading=\"lazy\" decoding=\"async\" width=\"1024\" height=\"768\" src=\"http:\/\/fdnoaxaca.net\/wp-content\/uploads\/2019\/07\/PicsArt_07-27-02.30.18-1024x768.jpg\" alt=\"\" class=\"wp-image-1263\" srcset=\"https:\/\/fdnoaxaca.net\/wp-content\/uploads\/2019\/07\/PicsArt_07-27-02.30.18-1024x768.jpg 1024w, https:\/\/fdnoaxaca.net\/wp-content\/uploads\/2019\/07\/PicsArt_07-27-02.30.18-300x225.jpg 300w, https:\/\/fdnoaxaca.net\/wp-content\/uploads\/2019\/07\/PicsArt_07-27-02.30.18-768x576.jpg 768w, https:\/\/fdnoaxaca.net\/wp-content\/uploads\/2019\/07\/PicsArt_07-27-02.30.18.jpg 1440w\" sizes=\"auto, (max-width: 1024px) 100vw, 1024px\" \/><\/figure>\n\n\n\n<p>Y es que tan s\u00f3lo a trav\u00e9s de la misma CORTV se llega al 80 por ciento de la poblaci\u00f3n oaxaque\u00f1a por radio y televisi\u00f3n. Asimismo, la Guelaguetza es replicada por la Red de Radiodifusoras y Televisoras Educativas y Culturales de M\u00e9xico que est\u00e1 conformada por medios p\u00fablicos de todo el pa\u00eds. El mismo producto se reproduce por empresas medi\u00e1ticas privadas y en grabaciones que ser\u00e1n comercializadas por casas productoras. Adem\u00e1s, cuando el fen\u00f3meno llega a las redes sociales, la exposici\u00f3n se incrementa dr\u00e1sticamente. La sola transmisi\u00f3n de la CORTV por <em>Facebook Live<\/em> alcanza millones de vistas en algunas semanas. <br><\/p>\n\n\n\n<p>Lo m\u00e1s interesante de este fen\u00f3meno medi\u00e1tico cultural es que se da a partir de la se\u00f1al compartida y producci\u00f3n propia de un medio como la CORTV. Por ello \u2013 por su impacto, trascendencia, alcance, r\u00e9plicas, alta interacci\u00f3n y distribuci\u00f3n \u2013 se vuelve el prototipo de producto para los medios p\u00fablicos en M\u00e9xico.<br><\/p>\n\n\n\n<p><strong>*Jorge Oropeza. Presidente del Colegio de Profesionistas Compartir Conocimiento A.C.<\/strong><\/p>\n","protected":false},"excerpt":{"rendered":"<p>Oaxaca de Ju\u00e1rez, Oax. 27 de julio de 2019.- La Guelaguetza no s\u00f3lo representa \u2013 por encima de carnavales y dem\u00e1s actos masivos en otros pa\u00edses \u2013 la m\u00e1s grande fiesta cultural de Latinoam\u00e9rica, sino tambi\u00e9n es el producto televisivo modelo para los medios p\u00fablicos en M\u00e9xico. Una de las caracter\u00edsticas de esta festividad oaxaque\u00f1a&#8230;<\/p>\n","protected":false},"author":4,"featured_media":1262,"comment_status":"closed","ping_status":"closed","sticky":false,"template":"","format":"standard","meta":{"footnotes":""},"categories":[51],"tags":[],"class_list":["post-1260","post","type-post","status-publish","format-standard","has-post-thumbnail","hentry","category-perspectiva"],"_links":{"self":[{"href":"https:\/\/fdnoaxaca.net\/index.php\/wp-json\/wp\/v2\/posts\/1260","targetHints":{"allow":["GET"]}}],"collection":[{"href":"https:\/\/fdnoaxaca.net\/index.php\/wp-json\/wp\/v2\/posts"}],"about":[{"href":"https:\/\/fdnoaxaca.net\/index.php\/wp-json\/wp\/v2\/types\/post"}],"author":[{"embeddable":true,"href":"https:\/\/fdnoaxaca.net\/index.php\/wp-json\/wp\/v2\/users\/4"}],"replies":[{"embeddable":true,"href":"https:\/\/fdnoaxaca.net\/index.php\/wp-json\/wp\/v2\/comments?post=1260"}],"version-history":[{"count":1,"href":"https:\/\/fdnoaxaca.net\/index.php\/wp-json\/wp\/v2\/posts\/1260\/revisions"}],"predecessor-version":[{"id":1264,"href":"https:\/\/fdnoaxaca.net\/index.php\/wp-json\/wp\/v2\/posts\/1260\/revisions\/1264"}],"wp:featuredmedia":[{"embeddable":true,"href":"https:\/\/fdnoaxaca.net\/index.php\/wp-json\/wp\/v2\/media\/1262"}],"wp:attachment":[{"href":"https:\/\/fdnoaxaca.net\/index.php\/wp-json\/wp\/v2\/media?parent=1260"}],"wp:term":[{"taxonomy":"category","embeddable":true,"href":"https:\/\/fdnoaxaca.net\/index.php\/wp-json\/wp\/v2\/categories?post=1260"},{"taxonomy":"post_tag","embeddable":true,"href":"https:\/\/fdnoaxaca.net\/index.php\/wp-json\/wp\/v2\/tags?post=1260"}],"curies":[{"name":"wp","href":"https:\/\/api.w.org\/{rel}","templated":true}]}}