{"id":1272,"date":"2019-07-28T03:25:49","date_gmt":"2019-07-28T03:25:49","guid":{"rendered":"http:\/\/fdnoaxaca.net\/?p=1272"},"modified":"2019-07-28T03:25:53","modified_gmt":"2019-07-28T03:25:53","slug":"folclore-y-jubilo-anuncian-la-octava-de-la-guelaguetza","status":"publish","type":"post","link":"https:\/\/fdnoaxaca.net\/index.php\/2019\/07\/28\/folclore-y-jubilo-anuncian-la-octava-de-la-guelaguetza\/","title":{"rendered":"Folclore y j\u00fabilo anuncian la octava de la Guelaguetza"},"content":{"rendered":"\n<p>Oaxaca de Ju\u00e1rez, Oax. 27 de julio de 2019.- \u00a1Viva Oaxaca!, \u00a1Viva la Guelaguetza!, fueron los gritos de j\u00fabilo que se hicieron escuchar al paso de las 26 delegaciones que este s\u00e1bado anunciaron la octava del Lunes del Cerro; la m\u00e1xima fiesta de los oaxaque\u00f1os que desde 1932 deslumbra al mundo entero con sus danzas y tradiciones en la rotonda de la Azucena.<\/p>\n\n\n\n<p>El sonido de la chirim\u00eda y los cohetones abrieron paso al desfile de los representantes de las ocho regiones de Oaxaca, quienes ataviados con sus trajes t\u00edpicos compartieron una muestra de sus bailes.&nbsp;<\/p>\n\n\n\n<p>Durante este recorrido, que inici\u00f3 en la glorieta de las \u00c1guilas de la calzada Porfirio D\u00edaz y concluy\u00f3 a la altura del templo de la Merced, las delegaciones mostraron sus danzas, cultura y tradiciones milenarias, que han hecho de la Guelaguetza la celebraci\u00f3n \u00e9tnica m\u00e1s importante de M\u00e9xico y Am\u00e9rica Latina.<\/p>\n\n\n\n<p>De esta manera, con las melod\u00edas de las ocho regiones de la entidad interpretadas por la Banda de M\u00fasica del Gobierno del Estado, Oaxaca invit\u00f3 a los visitantes nacionales y extranjeros a formar parte de esta fiesta.<\/p>\n\n\n\n<p>Con canastas adornadas con flores reposando sobre sus cabezas, las Chinas Oaxaque\u00f1as \u2013ataviadas con faldas de gran vuelo, blusa blanca y rebozo- fueron las primeras en dar color a esta fiesta, y junto con los monos de calenda, los maramoteros y los faroleros que las acompa\u00f1an, invitaron a bailar el tradicional Jarabe del Valle.<\/p>\n\n\n\n<figure class=\"wp-block-embed-youtube wp-block-embed is-type-video is-provider-youtube wp-embed-aspect-16-9 wp-has-aspect-ratio\"><div class=\"wp-block-embed__wrapper\">\n<iframe loading=\"lazy\" title=\"Folclore y j\u00fabilo anuncian la octava de la Guelaguetza\" width=\"640\" height=\"360\" src=\"https:\/\/www.youtube.com\/embed\/K2VfOTFtDPI?feature=oembed\" frameborder=\"0\" allow=\"accelerometer; autoplay; clipboard-write; encrypted-media; gyroscope; picture-in-picture; web-share\" referrerpolicy=\"strict-origin-when-cross-origin\" allowfullscreen><\/iframe>\n<\/div><\/figure>\n\n\n\n<p>De la regi\u00f3n del Istmo de Tehuantepec cautivaron las delegaciones de Ciudad Ixtepec, Asunci\u00f3n Ixtaltepec, El Espinal, as\u00ed como la delegaci\u00f3n huave de San Francisco del Mar con sus trajes representativos.<\/p>\n\n\n\n<p>Ante las miradas expectantes de miles de personas que se unieron a este gran festejo de cultura y tradici\u00f3n, la delegaci\u00f3n de Santiago Juxtlahuaca hizo su aparici\u00f3n con la Danza de los Rubios; le sigui\u00f3 Huautla de Jim\u00e9nez con sus sones.<\/p>\n\n\n\n<p>De la Costa, Santiago Llano Grande, Santa Mar\u00eda Huatulco y las chilenas de Pinotepa Nacional cautivaron a los espectadores que tambi\u00e9n se concentraron desde las azoteas de las casas y algunos negocios.<\/p>\n\n\n\n<p>Entre vivas y aplausos, hicieron su aparici\u00f3n los danzantes de la Pluma de Cuil\u00e1pam de Guerrero y Teotitl\u00e1n del Valle; posteriormente San Andr\u00e9s Zautla se hizo presente con su Danza de Jardineros. Al ritmo de la jarana Loma Bonita tambi\u00e9n dio una muestra de su Fandango.<\/p>\n\n\n\n<p>Las personas que se aglomeraron en las banquetas tambi\u00e9n disfrutaron de los bailes de Huajuapan de Le\u00f3n con el tradicional Jarabe Mixteco; Santa Catarina Ticu\u00e1; San Vicente Coatl\u00e1n; San Carlos Yautepec; y San Andr\u00e9s Solaga con su boda solague\u00f1a.<\/p>\n\n\n\n<p>Durante este convite, que tuvo una duraci\u00f3n de m\u00e1s de dos horas, integrantes de las delegaciones, portadores orgullosos de sus ra\u00edces, mostraron los mejores pasos de sus sones, chilenas&nbsp; y danzas, al ritmo de las notas musicales interpretadas por sus bandas de m\u00fasica de viento.<\/p>\n","protected":false},"excerpt":{"rendered":"<p>Oaxaca de Ju\u00e1rez, Oax. 27 de julio de 2019.- \u00a1Viva Oaxaca!, \u00a1Viva la Guelaguetza!, fueron los gritos de j\u00fabilo que se hicieron escuchar al paso de las 26 delegaciones que este s\u00e1bado anunciaron la octava del Lunes del Cerro; la m\u00e1xima fiesta de los oaxaque\u00f1os que desde 1932 deslumbra al mundo entero con sus danzas&#8230;<\/p>\n","protected":false},"author":4,"featured_media":1273,"comment_status":"closed","ping_status":"closed","sticky":false,"template":"","format":"standard","meta":{"footnotes":""},"categories":[49,53],"tags":[],"class_list":["post-1272","post","type-post","status-publish","format-standard","has-post-thumbnail","hentry","category-titulares","category-videos"],"_links":{"self":[{"href":"https:\/\/fdnoaxaca.net\/index.php\/wp-json\/wp\/v2\/posts\/1272","targetHints":{"allow":["GET"]}}],"collection":[{"href":"https:\/\/fdnoaxaca.net\/index.php\/wp-json\/wp\/v2\/posts"}],"about":[{"href":"https:\/\/fdnoaxaca.net\/index.php\/wp-json\/wp\/v2\/types\/post"}],"author":[{"embeddable":true,"href":"https:\/\/fdnoaxaca.net\/index.php\/wp-json\/wp\/v2\/users\/4"}],"replies":[{"embeddable":true,"href":"https:\/\/fdnoaxaca.net\/index.php\/wp-json\/wp\/v2\/comments?post=1272"}],"version-history":[{"count":1,"href":"https:\/\/fdnoaxaca.net\/index.php\/wp-json\/wp\/v2\/posts\/1272\/revisions"}],"predecessor-version":[{"id":1274,"href":"https:\/\/fdnoaxaca.net\/index.php\/wp-json\/wp\/v2\/posts\/1272\/revisions\/1274"}],"wp:featuredmedia":[{"embeddable":true,"href":"https:\/\/fdnoaxaca.net\/index.php\/wp-json\/wp\/v2\/media\/1273"}],"wp:attachment":[{"href":"https:\/\/fdnoaxaca.net\/index.php\/wp-json\/wp\/v2\/media?parent=1272"}],"wp:term":[{"taxonomy":"category","embeddable":true,"href":"https:\/\/fdnoaxaca.net\/index.php\/wp-json\/wp\/v2\/categories?post=1272"},{"taxonomy":"post_tag","embeddable":true,"href":"https:\/\/fdnoaxaca.net\/index.php\/wp-json\/wp\/v2\/tags?post=1272"}],"curies":[{"name":"wp","href":"https:\/\/api.w.org\/{rel}","templated":true}]}}