{"id":12823,"date":"2023-06-26T16:11:47","date_gmt":"2023-06-26T21:11:47","guid":{"rendered":"https:\/\/fdnoaxaca.net\/?p=12823"},"modified":"2023-06-26T16:11:50","modified_gmt":"2023-06-26T21:11:50","slug":"desconocen-a-la-ddhpo-por-contratar-a-abogado-de-tres-policias-imputados-en-hechos-violentos-de-2016-en-nochixtlan","status":"publish","type":"post","link":"https:\/\/fdnoaxaca.net\/index.php\/2023\/06\/26\/desconocen-a-la-ddhpo-por-contratar-a-abogado-de-tres-policias-imputados-en-hechos-violentos-de-2016-en-nochixtlan\/","title":{"rendered":"Desconocen a la DDHPO por contratar a abogado de tres polic\u00edas imputados en hechos violentos de 2016 en Nochixtl\u00e1n"},"content":{"rendered":"\n<p>Oaxaca de Ju\u00e1rez, Oax. 26 de junio de 2023.- El Comit\u00e9 de V\u00edctimas por Justicia y Verdad \u201c19 de junio\u201d desconoci\u00f3 a la Defensor\u00eda de los Derechos Humanos del Pueblo de Oaxaca (DDHPO) en todos los asuntos relacionados con \u00e9ste, derivado de que contrat\u00f3 como coordinador jur\u00eddico del organismo a Ren\u00e9 Hern\u00e1ndez Reyes, abogado particular de tres polic\u00edas imputados por el desalojo violento ocurrido en el 2016 en Asunci\u00f3n Nochixtl\u00e1n.\u00a0<\/p>\n\n\n\n<p>Este lunes, el comit\u00e9 denunci\u00f3 esta contrataci\u00f3n, la cual es considerada como un hecho que refleja la \u201capat\u00eda de la nueva administraci\u00f3n de la Defensor\u00eda\u201d, misma que \u201cobedece a su compromiso con los responsables de los homicidios y lesiones causadas a las v\u00edctimas en los hechos del 19 de junio de 2016\u201d.<\/p>\n\n\n\n<p>\u201cY por si eso fuera poco, ahora tiene en su n\u00f3mina a uno de los defensores particulares de tres de los asesinos que ahora siguen su proceso privados de su libertad en el CEFERESO n\u00famero 13, ubicado en Mengol\u00ed de Morelos\u201d, declar\u00f3.\u00a0<\/p>\n\n\n\n<p>\u201cNo podemos entender c\u00f3mo el organismo encargado de velar por la defensa de los derechos humanos en Oaxaca ahora sea quien pague los honorarios de una de las personas que defiende a los asesinos de nuestros compa\u00f1eros y familiares\u201d, a\u00f1adi\u00f3.\u00a0<\/p>\n\n\n\n<p>Por tal motivo, dijo, a partir de ahora desconoce a la DDHPO en todos los asuntos relacionados con el comit\u00e9 y el caso del 19 de junio de 2016 en Asunci\u00f3n Nochixtl\u00e1n, luego de que durante poco m\u00e1s de seis a\u00f1os la Defensor\u00eda acompa\u00f1ara a la organizaci\u00f3n en la b\u00fasqueda de atenci\u00f3n m\u00e9dica y psicol\u00f3gica para los afectados, as\u00ed como de justicia.\u00a0<\/p>\n\n\n\n<p>Seg\u00fan el comit\u00e9, el ahora coordinador jur\u00eddico de la DDHPO es defensor de C.G.R., J.P.A. y F.C.C., a quienes se les acusa de los delitos de homicidio calificado y lesiones calificadas por sus omisiones en el operativo de desalojo del 19 de junio de 2016 que inici\u00f3 en Asunci\u00f3n Nochixtl\u00e1n y se prolong\u00f3 hasta Hacienda Blanca, en el acceso a la ciudad de Oaxaca, y en el cual ocho personas murieron y m\u00e1s de 100 resultaron heridas.\u00a0<\/p>\n\n\n\n<p>Ren\u00e9 Hern\u00e1ndez Reyes fue nombrado magistrado del Tribunal Electoral en Oaxaca en el periodo del gobernador Gabino Cu\u00e9 Monteagudo.<\/p>\n","protected":false},"excerpt":{"rendered":"<p>Oaxaca de Ju\u00e1rez, Oax. 26 de junio de 2023.- El Comit\u00e9 de V\u00edctimas por Justicia y Verdad \u201c19 de junio\u201d desconoci\u00f3 a la Defensor\u00eda de los Derechos Humanos del Pueblo de Oaxaca (DDHPO) en todos los asuntos relacionados con \u00e9ste, derivado de que contrat\u00f3 como coordinador jur\u00eddico del organismo a Ren\u00e9 Hern\u00e1ndez Reyes, abogado particular&#8230;<\/p>\n","protected":false},"author":4,"featured_media":12824,"comment_status":"closed","ping_status":"closed","sticky":false,"template":"","format":"standard","meta":{"footnotes":""},"categories":[49],"tags":[],"class_list":["post-12823","post","type-post","status-publish","format-standard","has-post-thumbnail","hentry","category-titulares"],"_links":{"self":[{"href":"https:\/\/fdnoaxaca.net\/index.php\/wp-json\/wp\/v2\/posts\/12823","targetHints":{"allow":["GET"]}}],"collection":[{"href":"https:\/\/fdnoaxaca.net\/index.php\/wp-json\/wp\/v2\/posts"}],"about":[{"href":"https:\/\/fdnoaxaca.net\/index.php\/wp-json\/wp\/v2\/types\/post"}],"author":[{"embeddable":true,"href":"https:\/\/fdnoaxaca.net\/index.php\/wp-json\/wp\/v2\/users\/4"}],"replies":[{"embeddable":true,"href":"https:\/\/fdnoaxaca.net\/index.php\/wp-json\/wp\/v2\/comments?post=12823"}],"version-history":[{"count":1,"href":"https:\/\/fdnoaxaca.net\/index.php\/wp-json\/wp\/v2\/posts\/12823\/revisions"}],"predecessor-version":[{"id":12825,"href":"https:\/\/fdnoaxaca.net\/index.php\/wp-json\/wp\/v2\/posts\/12823\/revisions\/12825"}],"wp:featuredmedia":[{"embeddable":true,"href":"https:\/\/fdnoaxaca.net\/index.php\/wp-json\/wp\/v2\/media\/12824"}],"wp:attachment":[{"href":"https:\/\/fdnoaxaca.net\/index.php\/wp-json\/wp\/v2\/media?parent=12823"}],"wp:term":[{"taxonomy":"category","embeddable":true,"href":"https:\/\/fdnoaxaca.net\/index.php\/wp-json\/wp\/v2\/categories?post=12823"},{"taxonomy":"post_tag","embeddable":true,"href":"https:\/\/fdnoaxaca.net\/index.php\/wp-json\/wp\/v2\/tags?post=12823"}],"curies":[{"name":"wp","href":"https:\/\/api.w.org\/{rel}","templated":true}]}}