{"id":13196,"date":"2023-08-10T19:56:24","date_gmt":"2023-08-11T00:56:24","guid":{"rendered":"https:\/\/fdnoaxaca.net\/?p=13196"},"modified":"2023-08-10T19:56:27","modified_gmt":"2023-08-11T00:56:27","slug":"por-irregularidades-en-pago-de-impuestos-piden-la-destitucion-del-director-del-cseiio","status":"publish","type":"post","link":"https:\/\/fdnoaxaca.net\/index.php\/2023\/08\/10\/por-irregularidades-en-pago-de-impuestos-piden-la-destitucion-del-director-del-cseiio\/","title":{"rendered":"Por irregularidades en pago de impuestos, piden la destituci\u00f3n del director del CSEIIO"},"content":{"rendered":"\n<p>Oaxaca de Ju\u00e1rez, Oax. 10 de agosto de 2023.- Derivado de las irregularidades en el pago del Impuesto sobre la Renta (ISR), profesores del Colegio Superior para la Educaci\u00f3n Integral Intercultural de Oaxaca (CSEIIO) se movilizaron en la capital del estado.<\/p>\n\n\n\n<figure class=\"wp-block-embed-twitter wp-block-embed is-type-rich is-provider-twitter\"><div class=\"wp-block-embed__wrapper\">\n<blockquote class=\"twitter-tweet\" data-width=\"550\" data-dnt=\"true\"><p lang=\"es\" dir=\"ltr\">Profesores del Colegio Superior para la Educaci\u00f3n Integral Intercultural de <a href=\"https:\/\/twitter.com\/hashtag\/Oaxaca?src=hash&amp;ref_src=twsrc%5Etfw\">#Oaxaca<\/a> (CSEIIO) bloquean la calle de Palmeras en la capital del estado, en protesta por el cobro del impuesto <a href=\"https:\/\/twitter.com\/hashtag\/ISR?src=hash&amp;ref_src=twsrc%5Etfw\">#ISR<\/a>. <a href=\"https:\/\/twitter.com\/hashtag\/TwitterOax?src=hash&amp;ref_src=twsrc%5Etfw\">#TwitterOax<\/a> <a href=\"https:\/\/t.co\/vhltqeNceo\">pic.twitter.com\/vhltqeNceo<\/a><\/p>&mdash; FDN Oaxaca (@FDN_Oaxaca) <a href=\"https:\/\/twitter.com\/FDN_Oaxaca\/status\/1689709057177747456?ref_src=twsrc%5Etfw\">August 10, 2023<\/a><\/blockquote><script async src=\"https:\/\/platform.twitter.com\/widgets.js\" charset=\"utf-8\"><\/script>\n<\/div><\/figure>\n\n\n\n<p>Este jueves cerraron la calle de Palmeras en la ciudad de Oaxaca para exigir atenci\u00f3n gubernamental ante su situaci\u00f3n laboral.<\/p>\n\n\n\n<p>Ofelia Acevedo, una de las docentes afectadas, se\u00f1al\u00f3 que su director Ren\u00e9 V\u00e1squez les inform\u00f3 que adeudan impuestos al SAT desde el 2017, por lo cual deber\u00e1n pagar el ISR los trabajadores.<\/p>\n\n\n\n<figure class=\"wp-block-embed-twitter wp-block-embed is-type-rich is-provider-twitter\"><div class=\"wp-block-embed__wrapper\">\n<blockquote class=\"twitter-tweet\" data-width=\"550\" data-dnt=\"true\"><p lang=\"es\" dir=\"ltr\">Este jueves docentes del Colegio Superior para la Educaci\u00f3n Integral Intercultural de <a href=\"https:\/\/twitter.com\/hashtag\/Oaxaca?src=hash&amp;ref_src=twsrc%5Etfw\">#Oaxaca<\/a> (<a href=\"https:\/\/twitter.com\/CSEIIO_OFICIAL?ref_src=twsrc%5Etfw\">@CSEIIO_OFICIAL<\/a>) protestaron contra sus directivos ante irregularidades en el pago de impuestos al <a href=\"https:\/\/twitter.com\/SATMX?ref_src=twsrc%5Etfw\">@SATMX<\/a>, y que ahora les afecta. Esto explic\u00f3 la profesora Ofelia Acevedo. <a href=\"https:\/\/twitter.com\/hashtag\/TwitterOax?src=hash&amp;ref_src=twsrc%5Etfw\">#TwitterOax<\/a> <a href=\"https:\/\/t.co\/FUBEN5pIUV\">pic.twitter.com\/FUBEN5pIUV<\/a><\/p>&mdash; FDN Oaxaca (@FDN_Oaxaca) <a href=\"https:\/\/twitter.com\/FDN_Oaxaca\/status\/1689796636887945216?ref_src=twsrc%5Etfw\">August 11, 2023<\/a><\/blockquote><script async src=\"https:\/\/platform.twitter.com\/widgets.js\" charset=\"utf-8\"><\/script>\n<\/div><\/figure>\n\n\n\n<p>&#8220;Solicitamos que se llegue al fondo de estos pendientes del pago al SAT y que se finquen responsabilidades a quienes no pagaron estos impuestos&#8221;, declar\u00f3.<\/p>\n\n\n\n<p>Debido a estas irregularidades, ahora piden la destituci\u00f3n de su director y que quienes incumplieron con el pago del impuesto sean los que se responsabilicen.&nbsp;<\/p>\n","protected":false},"excerpt":{"rendered":"<p>Oaxaca de Ju\u00e1rez, Oax. 10 de agosto de 2023.- Derivado de las irregularidades en el pago del Impuesto sobre la Renta (ISR), profesores del Colegio Superior para la Educaci\u00f3n Integral Intercultural de Oaxaca (CSEIIO) se movilizaron en la capital del estado. Este jueves cerraron la calle de Palmeras en la ciudad de Oaxaca para exigir&#8230;<\/p>\n","protected":false},"author":4,"featured_media":13198,"comment_status":"closed","ping_status":"closed","sticky":false,"template":"","format":"standard","meta":{"footnotes":""},"categories":[49],"tags":[],"class_list":["post-13196","post","type-post","status-publish","format-standard","has-post-thumbnail","hentry","category-titulares"],"_links":{"self":[{"href":"https:\/\/fdnoaxaca.net\/index.php\/wp-json\/wp\/v2\/posts\/13196","targetHints":{"allow":["GET"]}}],"collection":[{"href":"https:\/\/fdnoaxaca.net\/index.php\/wp-json\/wp\/v2\/posts"}],"about":[{"href":"https:\/\/fdnoaxaca.net\/index.php\/wp-json\/wp\/v2\/types\/post"}],"author":[{"embeddable":true,"href":"https:\/\/fdnoaxaca.net\/index.php\/wp-json\/wp\/v2\/users\/4"}],"replies":[{"embeddable":true,"href":"https:\/\/fdnoaxaca.net\/index.php\/wp-json\/wp\/v2\/comments?post=13196"}],"version-history":[{"count":1,"href":"https:\/\/fdnoaxaca.net\/index.php\/wp-json\/wp\/v2\/posts\/13196\/revisions"}],"predecessor-version":[{"id":13199,"href":"https:\/\/fdnoaxaca.net\/index.php\/wp-json\/wp\/v2\/posts\/13196\/revisions\/13199"}],"wp:featuredmedia":[{"embeddable":true,"href":"https:\/\/fdnoaxaca.net\/index.php\/wp-json\/wp\/v2\/media\/13198"}],"wp:attachment":[{"href":"https:\/\/fdnoaxaca.net\/index.php\/wp-json\/wp\/v2\/media?parent=13196"}],"wp:term":[{"taxonomy":"category","embeddable":true,"href":"https:\/\/fdnoaxaca.net\/index.php\/wp-json\/wp\/v2\/categories?post=13196"},{"taxonomy":"post_tag","embeddable":true,"href":"https:\/\/fdnoaxaca.net\/index.php\/wp-json\/wp\/v2\/tags?post=13196"}],"curies":[{"name":"wp","href":"https:\/\/api.w.org\/{rel}","templated":true}]}}