{"id":13399,"date":"2023-09-15T12:38:02","date_gmt":"2023-09-15T17:38:02","guid":{"rendered":"https:\/\/fdnoaxaca.net\/?p=13399"},"modified":"2023-09-15T12:38:04","modified_gmt":"2023-09-15T17:38:04","slug":"suman-esfuerzos-poder-judicial-y-ceamo-para-la-solucion-pacifica-de-conflictos","status":"publish","type":"post","link":"https:\/\/fdnoaxaca.net\/index.php\/2023\/09\/15\/suman-esfuerzos-poder-judicial-y-ceamo-para-la-solucion-pacifica-de-conflictos\/","title":{"rendered":"Suman esfuerzos Poder Judicial y CEAMO para la soluci\u00f3n pac\u00edfica de conflictos"},"content":{"rendered":"\n<ul class=\"wp-block-list\"><li>Firmaron convenio de colaboraci\u00f3n con el objetivo de impulsar la soluci\u00f3n de conflictos derivados de actos m\u00e9dicos a trav\u00e9s de los mecanismos alternativos, como la conciliaci\u00f3n.<\/li><\/ul>\n\n\n\n<p>Reyes Mantec\u00f3n, San Bartolo Coyotepec. 15 de septiembre de 2023.- Con la finalidad de promover el fortalecimiento y tutela de la protecci\u00f3n a la salud, que contribuya a mejorar la calidad de la atenci\u00f3n m\u00e9dica y a colaborar en la pacificaci\u00f3n social y soluci\u00f3n de conflictos a trav\u00e9s de la Justicia Alternativa, el titular del Poder Judicial del Estado, magistrado Eduardo Pinacho S\u00e1nchez, firm\u00f3 un convenio de colaboraci\u00f3n con el presidente de la Comisi\u00f3n de Arbitraje M\u00e9dico del Estado de Oaxaca (CEAMO), Alberto V\u00e1squez Sangerm\u00e1n.<\/p>\n\n\n\n<p>En el acto protocolario, los titulares de ambas instituciones destacaron la efectividad de los mecanismos alternos de soluci\u00f3n de conflictos para brindar a las personas un acceso r\u00e1pido a la justicia, evitando que los asuntos lleguen a instancias jurisdiccionales.&nbsp;<\/p>\n\n\n\n<p>Durante su intervenci\u00f3n, el magistrado Pinacho S\u00e1nchez resalt\u00f3 que la cooperaci\u00f3n interinstitucional permite impulsar acciones que coadyuven al mejoramiento de la impartici\u00f3n de justicia, sumar experiencias, recursos, buenas pr\u00e1cticas y como en este caso promover una manera m\u00e1s humana de resolver las problem\u00e1ticas derivadas de actos m\u00e9dicos.&nbsp;<\/p>\n\n\n\n<p>Puntualiz\u00f3 que el Centro de Justicia Alternativa del Poder Judicial del Estado, cumpli\u00f3 20 a\u00f1os de ofrecer a la ciudadan\u00eda sus servicios e incluso en su momento Oaxaca fue uno de los estados que se adelant\u00f3, a la reforma constitucional federal de 2008, en la que se prev\u00e9 la justicia alternativa en materia penal en casos no graves, con el prop\u00f3sito de lograr acuerdos entre los involucrados a trav\u00e9s de la voluntad, la cooperaci\u00f3n y el di\u00e1logo.<\/p>\n\n\n\n<p>Por su parte, el presidente de la CEAMO indic\u00f3 que es importante que la sociedad conozca de las instituciones que existen para que puedan recurrir a ellas y ayudarles a resolver sus solicitudes y necesidades con el apoyo de expertos. Asimismo, reiter\u00f3 la disposici\u00f3n de esta Comisi\u00f3n de apoyar al Poder Judicial en la emisi\u00f3n de dict\u00e1menes que se requieren en asuntos judiciales.&nbsp;&nbsp;<\/p>\n\n\n\n<p>En la firma del convenio de colaboraci\u00f3n estuvieron presentes tambi\u00e9n los directores del Centro de Justicia Alternativa Oaxaca, Betzzaida Cruz Mendoza y de la Escuela Judicial Oaxaca, H\u00e9ctor Humberto V\u00e1squez Quevedo, as\u00ed como consejeros de la comisi\u00f3n.<\/p>\n","protected":false},"excerpt":{"rendered":"<p>Firmaron convenio de colaboraci\u00f3n con el objetivo de impulsar la soluci\u00f3n de conflictos derivados de actos m\u00e9dicos a trav\u00e9s de los mecanismos alternativos, como la conciliaci\u00f3n. Reyes Mantec\u00f3n, San Bartolo Coyotepec. 15 de septiembre de 2023.- Con la finalidad de promover el fortalecimiento y tutela de la protecci\u00f3n a la salud, que contribuya a mejorar&#8230;<\/p>\n","protected":false},"author":4,"featured_media":13400,"comment_status":"closed","ping_status":"closed","sticky":false,"template":"","format":"standard","meta":{"footnotes":""},"categories":[49],"tags":[],"class_list":["post-13399","post","type-post","status-publish","format-standard","has-post-thumbnail","hentry","category-titulares"],"_links":{"self":[{"href":"https:\/\/fdnoaxaca.net\/index.php\/wp-json\/wp\/v2\/posts\/13399","targetHints":{"allow":["GET"]}}],"collection":[{"href":"https:\/\/fdnoaxaca.net\/index.php\/wp-json\/wp\/v2\/posts"}],"about":[{"href":"https:\/\/fdnoaxaca.net\/index.php\/wp-json\/wp\/v2\/types\/post"}],"author":[{"embeddable":true,"href":"https:\/\/fdnoaxaca.net\/index.php\/wp-json\/wp\/v2\/users\/4"}],"replies":[{"embeddable":true,"href":"https:\/\/fdnoaxaca.net\/index.php\/wp-json\/wp\/v2\/comments?post=13399"}],"version-history":[{"count":1,"href":"https:\/\/fdnoaxaca.net\/index.php\/wp-json\/wp\/v2\/posts\/13399\/revisions"}],"predecessor-version":[{"id":13401,"href":"https:\/\/fdnoaxaca.net\/index.php\/wp-json\/wp\/v2\/posts\/13399\/revisions\/13401"}],"wp:featuredmedia":[{"embeddable":true,"href":"https:\/\/fdnoaxaca.net\/index.php\/wp-json\/wp\/v2\/media\/13400"}],"wp:attachment":[{"href":"https:\/\/fdnoaxaca.net\/index.php\/wp-json\/wp\/v2\/media?parent=13399"}],"wp:term":[{"taxonomy":"category","embeddable":true,"href":"https:\/\/fdnoaxaca.net\/index.php\/wp-json\/wp\/v2\/categories?post=13399"},{"taxonomy":"post_tag","embeddable":true,"href":"https:\/\/fdnoaxaca.net\/index.php\/wp-json\/wp\/v2\/tags?post=13399"}],"curies":[{"name":"wp","href":"https:\/\/api.w.org\/{rel}","templated":true}]}}