{"id":13415,"date":"2023-09-19T13:27:01","date_gmt":"2023-09-19T18:27:01","guid":{"rendered":"https:\/\/fdnoaxaca.net\/?p=13415"},"modified":"2023-09-19T13:27:04","modified_gmt":"2023-09-19T18:27:04","slug":"excluyen-a-trabajadores-despedidos-de-acuerdos-reanudan-labores-en-la-utvco","status":"publish","type":"post","link":"https:\/\/fdnoaxaca.net\/index.php\/2023\/09\/19\/excluyen-a-trabajadores-despedidos-de-acuerdos-reanudan-labores-en-la-utvco\/","title":{"rendered":"Excluyen a trabajadores despedidos de acuerdos; reanudan labores en la UTVCO"},"content":{"rendered":"\n<p>Oaxaca de Ju\u00e1rez, Oax. 19 de septiembre de 2023.- Sin incluir a los 14 trabajadores despedidos, la rector\u00eda de la Universidad Tecnol\u00f3gica de los Valles Centrales de Oaxaca (UTVCO) que preside Tania L\u00f3pez L\u00f3pez acord\u00f3 con estudiantes el reinicio de las actividades en la instituci\u00f3n acad\u00e9mica.<\/p>\n\n\n\n<figure class=\"wp-block-image\"><img loading=\"lazy\" decoding=\"async\" width=\"1024\" height=\"760\" src=\"https:\/\/fdnoaxaca.net\/wp-content\/uploads\/2023\/09\/hyyz16-1024x760.jpg\" alt=\"\" class=\"wp-image-13417\" srcset=\"https:\/\/fdnoaxaca.net\/wp-content\/uploads\/2023\/09\/hyyz16.jpg 1024w, https:\/\/fdnoaxaca.net\/wp-content\/uploads\/2023\/09\/hyyz16-300x223.jpg 300w, https:\/\/fdnoaxaca.net\/wp-content\/uploads\/2023\/09\/hyyz16-768x570.jpg 768w\" sizes=\"auto, (max-width: 1024px) 100vw, 1024px\" \/><\/figure>\n\n\n\n<p>Despu\u00e9s de que las instalaciones de la universidad ubicada en San Pablo Huixtepec estuviesen en poder de alumnos y personal despedido, las cuales fueron liberadas ante los acuerdos, este martes reanudaron las actividades administrativas.<\/p>\n\n\n\n<p>En tanto, para el mi\u00e9rcoles 20 de septiembre est\u00e1 programado el inicio de clases del nuevo cuatrimestre septiembre &#8211; diciembre 2023.<\/p>\n\n\n\n<figure class=\"wp-block-image\"><img loading=\"lazy\" decoding=\"async\" width=\"791\" height=\"1024\" src=\"https:\/\/fdnoaxaca.net\/wp-content\/uploads\/2023\/09\/20230919_125731-791x1024.png\" alt=\"\" class=\"wp-image-13416\" srcset=\"https:\/\/fdnoaxaca.net\/wp-content\/uploads\/2023\/09\/20230919_125731-791x1024.png 791w, https:\/\/fdnoaxaca.net\/wp-content\/uploads\/2023\/09\/20230919_125731-232x300.png 232w, https:\/\/fdnoaxaca.net\/wp-content\/uploads\/2023\/09\/20230919_125731-768x994.png 768w\" sizes=\"auto, (max-width: 791px) 100vw, 791px\" \/><\/figure>\n\n\n\n<p>En este regreso a clases no est\u00e1n considerados los siete docentes y siete administrativos que fueron despedidos verbalmente y sin el pago de su sueldo y prestaciones ante el tiempo de antig\u00fcedad de hasta 14 a\u00f1os que algunos trabajadores ten\u00edan en esta instituci\u00f3n de nivel superior.<\/p>\n\n\n\n<p>Los docentes afectados hab\u00edan denunciado la falta de di\u00e1logo por parte de las autoridades educativas, por lo que exigieron la destituci\u00f3n de la rectora. Sin embargo, pese a sus denuncias no fueron incluidos en la reuni\u00f3n que sostuvieron el lunes directivos y estudiantes, en la que finalmente acordaron el fin de la protesta estudiantil para reiniciar las actividades a partir de este 19 de septiembre.<\/p>\n","protected":false},"excerpt":{"rendered":"<p>Oaxaca de Ju\u00e1rez, Oax. 19 de septiembre de 2023.- Sin incluir a los 14 trabajadores despedidos, la rector\u00eda de la Universidad Tecnol\u00f3gica de los Valles Centrales de Oaxaca (UTVCO) que preside Tania L\u00f3pez L\u00f3pez acord\u00f3 con estudiantes el reinicio de las actividades en la instituci\u00f3n acad\u00e9mica. Despu\u00e9s de que las instalaciones de la universidad ubicada&#8230;<\/p>\n","protected":false},"author":4,"featured_media":13418,"comment_status":"closed","ping_status":"closed","sticky":false,"template":"","format":"standard","meta":{"footnotes":""},"categories":[49],"tags":[],"class_list":["post-13415","post","type-post","status-publish","format-standard","has-post-thumbnail","hentry","category-titulares"],"_links":{"self":[{"href":"https:\/\/fdnoaxaca.net\/index.php\/wp-json\/wp\/v2\/posts\/13415","targetHints":{"allow":["GET"]}}],"collection":[{"href":"https:\/\/fdnoaxaca.net\/index.php\/wp-json\/wp\/v2\/posts"}],"about":[{"href":"https:\/\/fdnoaxaca.net\/index.php\/wp-json\/wp\/v2\/types\/post"}],"author":[{"embeddable":true,"href":"https:\/\/fdnoaxaca.net\/index.php\/wp-json\/wp\/v2\/users\/4"}],"replies":[{"embeddable":true,"href":"https:\/\/fdnoaxaca.net\/index.php\/wp-json\/wp\/v2\/comments?post=13415"}],"version-history":[{"count":1,"href":"https:\/\/fdnoaxaca.net\/index.php\/wp-json\/wp\/v2\/posts\/13415\/revisions"}],"predecessor-version":[{"id":13419,"href":"https:\/\/fdnoaxaca.net\/index.php\/wp-json\/wp\/v2\/posts\/13415\/revisions\/13419"}],"wp:featuredmedia":[{"embeddable":true,"href":"https:\/\/fdnoaxaca.net\/index.php\/wp-json\/wp\/v2\/media\/13418"}],"wp:attachment":[{"href":"https:\/\/fdnoaxaca.net\/index.php\/wp-json\/wp\/v2\/media?parent=13415"}],"wp:term":[{"taxonomy":"category","embeddable":true,"href":"https:\/\/fdnoaxaca.net\/index.php\/wp-json\/wp\/v2\/categories?post=13415"},{"taxonomy":"post_tag","embeddable":true,"href":"https:\/\/fdnoaxaca.net\/index.php\/wp-json\/wp\/v2\/tags?post=13415"}],"curies":[{"name":"wp","href":"https:\/\/api.w.org\/{rel}","templated":true}]}}