{"id":13421,"date":"2023-09-21T16:41:26","date_gmt":"2023-09-21T21:41:26","guid":{"rendered":"https:\/\/fdnoaxaca.net\/?p=13421"},"modified":"2023-09-21T16:41:30","modified_gmt":"2023-09-21T21:41:30","slug":"imparten-especialistas-conferencias-magistrales-en-la-semana-de-la-mediacion","status":"publish","type":"post","link":"https:\/\/fdnoaxaca.net\/index.php\/2023\/09\/21\/imparten-especialistas-conferencias-magistrales-en-la-semana-de-la-mediacion\/","title":{"rendered":"Imparten especialistas conferencias magistrales en la Semana de la Mediaci\u00f3n"},"content":{"rendered":"\n<p>Las actividades concluir\u00e1n este viernes 22 de septiembre con diferentes talleres.<\/p>\n\n\n\n<p>Reyes Mantec\u00f3n, San Bartolo Coyotepec. 21 de septiembre de 2023.- \u201cLa justicia restaurativa es un movimiento de pacificaci\u00f3n social que nos permite como comunidad atender e involucrarnos en la reparaci\u00f3n de los da\u00f1os, trabajando en el camino del reconocimiento de la responsabilidad\u201d, coincidieron en se\u00f1alar especialistas que participaron como ponentes en la Semana de la Mediaci\u00f3n 2023, organizada por el Poder Judicial del Estado a trav\u00e9s del Centro de Justicia Alternativa.&nbsp;<\/p>\n\n\n\n<p>En los primeros tres d\u00edas de actividades se desarrollaron conferencias como las \u201cProspectivas del C\u00f3digo Nacional de Procedimientos Civiles y Familiares y los MASC\u201d, con la participaci\u00f3n de la magistrada Isabel Sep\u00falveda Monta\u00f1o, del Poder Judicial del Estado de Hidalgo, quien resalt\u00f3 que en este nuevo ordenamiento jur\u00eddico la mediaci\u00f3n es un aspecto clave para abonar en la paz social que requiere el pa\u00eds.&nbsp;<\/p>\n\n\n\n<p>As\u00ed tambi\u00e9n, la maestra Claudia Villavicencio Guadarrama abord\u00f3 el tema \u201cJusticia Restaurativa Familiar, en el marco del Nuevo C\u00f3digo Nacional de Procedimientos Civiles y Familiares\u201d, y en la ponencia \u201cPersonas Adolescentes, Construcci\u00f3n de Identidad y Justicia Restaurativa\u201d, se cont\u00f3 con la participaci\u00f3n del maestro Alejandro Valle L\u00f3pez, psic\u00f3logo, terapeuta familiar y de pareja; mediador y especialista en justicia restaurativa.<\/p>\n\n\n\n<p>Por otra parte, la maestra Silvia Sallard L\u00f3pez, quien se ha especializado en Psicoterapia Familiar y en estudios sobre Mediaci\u00f3n Familiar y Resoluci\u00f3n de Conflictos, habl\u00f3 acerca de \u201cLa redefinici\u00f3n de los l\u00edmites en el Sistema Familiar despu\u00e9s de la pandemia\u201d; en tanto que la conferencia \u201cMediaci\u00f3n escolar\u201d, fue impartida por el maestro Juan Manuel Lobo Niembro, director de Alinea Centro de Mediaci\u00f3n y Resoluci\u00f3n de Controversias.<\/p>\n\n\n\n<p>Las actividades de la Semana de Mediaci\u00f3n 2023 continuaron los d\u00edas jueves y viernes con el desarrollo de diferentes talleres.&nbsp;<\/p>\n","protected":false},"excerpt":{"rendered":"<p>Las actividades concluir\u00e1n este viernes 22 de septiembre con diferentes talleres. Reyes Mantec\u00f3n, San Bartolo Coyotepec. 21 de septiembre de 2023.- \u201cLa justicia restaurativa es un movimiento de pacificaci\u00f3n social que nos permite como comunidad atender e involucrarnos en la reparaci\u00f3n de los da\u00f1os, trabajando en el camino del reconocimiento de la responsabilidad\u201d, coincidieron en&#8230;<\/p>\n","protected":false},"author":4,"featured_media":13422,"comment_status":"closed","ping_status":"closed","sticky":false,"template":"","format":"standard","meta":{"footnotes":""},"categories":[49],"tags":[],"class_list":["post-13421","post","type-post","status-publish","format-standard","has-post-thumbnail","hentry","category-titulares"],"_links":{"self":[{"href":"https:\/\/fdnoaxaca.net\/index.php\/wp-json\/wp\/v2\/posts\/13421","targetHints":{"allow":["GET"]}}],"collection":[{"href":"https:\/\/fdnoaxaca.net\/index.php\/wp-json\/wp\/v2\/posts"}],"about":[{"href":"https:\/\/fdnoaxaca.net\/index.php\/wp-json\/wp\/v2\/types\/post"}],"author":[{"embeddable":true,"href":"https:\/\/fdnoaxaca.net\/index.php\/wp-json\/wp\/v2\/users\/4"}],"replies":[{"embeddable":true,"href":"https:\/\/fdnoaxaca.net\/index.php\/wp-json\/wp\/v2\/comments?post=13421"}],"version-history":[{"count":1,"href":"https:\/\/fdnoaxaca.net\/index.php\/wp-json\/wp\/v2\/posts\/13421\/revisions"}],"predecessor-version":[{"id":13423,"href":"https:\/\/fdnoaxaca.net\/index.php\/wp-json\/wp\/v2\/posts\/13421\/revisions\/13423"}],"wp:featuredmedia":[{"embeddable":true,"href":"https:\/\/fdnoaxaca.net\/index.php\/wp-json\/wp\/v2\/media\/13422"}],"wp:attachment":[{"href":"https:\/\/fdnoaxaca.net\/index.php\/wp-json\/wp\/v2\/media?parent=13421"}],"wp:term":[{"taxonomy":"category","embeddable":true,"href":"https:\/\/fdnoaxaca.net\/index.php\/wp-json\/wp\/v2\/categories?post=13421"},{"taxonomy":"post_tag","embeddable":true,"href":"https:\/\/fdnoaxaca.net\/index.php\/wp-json\/wp\/v2\/tags?post=13421"}],"curies":[{"name":"wp","href":"https:\/\/api.w.org\/{rel}","templated":true}]}}